{"id":8118,"date":"2024-05-20T16:25:26","date_gmt":"2024-05-20T19:25:26","guid":{"rendered":"https:\/\/globalattitude.org.br\/?p=8118"},"modified":"2024-07-30T12:18:14","modified_gmt":"2024-07-30T15:18:14","slug":"alunos-do-empodera-juventudes-visitam-espacos-culturais-de-mogi-das-cruzes-sp","status":"publish","type":"post","link":"https:\/\/globalattitude.org.br\/en\/alunos-do-empodera-juventudes-visitam-espacos-culturais-de-mogi-das-cruzes-sp\/","title":{"rendered":"Alunos do Empodera Juventudes visitam espa\u00e7os culturais de Mogi das Cruzes, em S\u00e3o Paulo"},"content":{"rendered":"<p>Os encontros buscam incentivar a curiosidade, a criatividade, o repert\u00f3rio cultural e o pensamento cr\u00edtico.<\/p>\n<p>Por Reda\u00e7\u00e3o, IGA SP \u2014 S\u00e3o Paulo 20\/05\/2024 16h13 Atualizado h\u00e1 15 minutos<\/p>\n<p>Terminou na \u00faltima sexta-feira (17), a visita de 320 alunos, de 15 territ\u00f3rios, do programa Empodera Juventudes, aos espa\u00e7os culturais de Mogi das Cruzes, regi\u00e3o metropolitana de S\u00e3o Paulo.\u00a0O passeio integra o eixo forma\u00e7\u00e3o cidad\u00e3 e tem como objetivo aproximar os alunos de metodologias pr\u00e1ticas de aprendizagem, que tiveram em sala de aula.<\/p>\n<p>O projeto \u00e9 promovido pela Prefeitura de Mogi das Cruzes, por meio da Secretaria de Desenvolvimento Econ\u00f4mico e Inova\u00e7\u00e3o e o Instituto Global Attitude.<\/p>\n<p>No MUVE, o Museu de Viv\u00eancias Educacionais, os jovens conheceram o acervo hist\u00f3rico da cidade, com fotos da funda\u00e7\u00e3o at\u00e9 os dias atuais. J\u00e1 no Centro de Cultura e Mem\u00f3ria Expedicion\u00e1rios Mogianos, foi o momento de reverenciar a mem\u00f3ria dos expedicion\u00e1rios e sua participa\u00e7\u00e3o na 2\u00aa Grande Guerra Mundial.<\/p>\n<p><em>\u201cEsses momentos s\u00e3o \u00fanicos para nossos alunos. Resgatar a hist\u00f3ria \u00e9 permitir que as novas gera\u00e7\u00f5es n\u00e3o vivam sob o anonimato\u201d, disse Jaqueline Brito, coordenadora do Empodera Juventudes. <\/em><\/p>\n<p>Por quest\u00e3o de limita\u00e7\u00e3o de espa\u00e7o, as visitas t\u00e9cnicas foram divididas em quatro dias, permitindo que os grupos ficassem menores, retendo a aten\u00e7\u00e3o dos participantes. Os bairros que estiveram no encontro foram: Centro, Botujuru, Braz cubas, Cezar de Souza, Jardim Layr, Jundiapeba 1 e 2, Varinhas, Rodeio, Tabo\u00e3o, Taia\u00e7upeba, Vilas Brasileira, Natal e Industrial.<\/p>\n<p>O Empodera Juventudes est\u00e1 na quarta edi\u00e7\u00e3o e j\u00e1 formou mais de 500 jovens, de 20 bairros da cidade.<\/p>\n<p>&nbsp;<\/p>\n<h2><strong>+ conte\u00fados: veja a galeria de fotos<\/strong><\/h2>\n\n\t\t<style>\n\t\t\t#gallery-1 {\n\t\t\t\tmargin: auto;\n\t\t\t}\n\t\t\t#gallery-1 .gallery-item {\n\t\t\t\tfloat: left;\n\t\t\t\tmargin-top: 10px;\n\t\t\t\ttext-align: center;\n\t\t\t\twidth: 33%;\n\t\t\t}\n\t\t\t#gallery-1 img {\n\t\t\t\tborder: 2px solid #cfcfcf;\n\t\t\t}\n\t\t\t#gallery-1 .gallery-caption {\n\t\t\t\tmargin-left: 0;\n\t\t\t}\n\t\t\t\/* see gallery_shortcode() in wp-includes\/media.php *\/\n\t\t<\/style>\n\t\t<div id='gallery-1' class='gallery galleryid-8118 gallery-columns-3 gallery-size-large'><dl class='gallery-item'>\n\t\t\t<dt class='gallery-icon portrait'>\n\t\t\t\t<a href='https:\/\/globalattitude.org.br\/en\/whatsapp-image-2024-04-30-at-14-19-48-2-2\/'><img fetchpriority=\"high\" decoding=\"async\" width=\"771\" height=\"1024\" src=\"https:\/\/globalattitude.org.br\/wp-content\/uploads\/2024\/05\/WhatsApp-Image-2024-04-30-at-14.19.48-2-771x1024.jpeg\" class=\"attachment-large size-large\" alt=\"\" srcset=\"https:\/\/globalattitude.org.br\/wp-content\/uploads\/2024\/05\/WhatsApp-Image-2024-04-30-at-14.19.48-2-771x1024.jpeg 771w, https:\/\/globalattitude.org.br\/wp-content\/uploads\/2024\/05\/WhatsApp-Image-2024-04-30-at-14.19.48-2-226x300.jpeg 226w, https:\/\/globalattitude.org.br\/wp-content\/uploads\/2024\/05\/WhatsApp-Image-2024-04-30-at-14.19.48-2-768x1021.jpeg 768w, https:\/\/globalattitude.org.br\/wp-content\/uploads\/2024\/05\/WhatsApp-Image-2024-04-30-at-14.19.48-2-1156x1536.jpeg 1156w, https:\/\/globalattitude.org.br\/wp-content\/uploads\/2024\/05\/WhatsApp-Image-2024-04-30-at-14.19.48-2-135x180.jpeg 135w, https:\/\/globalattitude.org.br\/wp-content\/uploads\/2024\/05\/WhatsApp-Image-2024-04-30-at-14.19.48-2-903x1200.jpeg 903w, https:\/\/globalattitude.org.br\/wp-content\/uploads\/2024\/05\/WhatsApp-Image-2024-04-30-at-14.19.48-2.jpeg 1204w\" sizes=\"(max-width: 771px) 100vw, 771px\" \/><\/a>\n\t\t\t<\/dt><\/dl><dl class='gallery-item'>\n\t\t\t<dt class='gallery-icon landscape'>\n\t\t\t\t<a href='https:\/\/globalattitude.org.br\/en\/whatsapp-image-2024-04-30-at-14-19-49-2\/'><img decoding=\"async\" width=\"1024\" height=\"771\" src=\"https:\/\/globalattitude.org.br\/wp-content\/uploads\/2024\/05\/WhatsApp-Image-2024-04-30-at-14.19.49-1024x771.jpeg\" class=\"attachment-large size-large\" alt=\"\" srcset=\"https:\/\/globalattitude.org.br\/wp-content\/uploads\/2024\/05\/WhatsApp-Image-2024-04-30-at-14.19.49-1024x771.jpeg 1024w, https:\/\/globalattitude.org.br\/wp-content\/uploads\/2024\/05\/WhatsApp-Image-2024-04-30-at-14.19.49-300x226.jpeg 300w, https:\/\/globalattitude.org.br\/wp-content\/uploads\/2024\/05\/WhatsApp-Image-2024-04-30-at-14.19.49-768x578.jpeg 768w, https:\/\/globalattitude.org.br\/wp-content\/uploads\/2024\/05\/WhatsApp-Image-2024-04-30-at-14.19.49-1536x1156.jpeg 1536w, https:\/\/globalattitude.org.br\/wp-content\/uploads\/2024\/05\/WhatsApp-Image-2024-04-30-at-14.19.49-180x135.jpeg 180w, https:\/\/globalattitude.org.br\/wp-content\/uploads\/2024\/05\/WhatsApp-Image-2024-04-30-at-14.19.49-239x180.jpeg 239w, https:\/\/globalattitude.org.br\/wp-content\/uploads\/2024\/05\/WhatsApp-Image-2024-04-30-at-14.19.49-1200x903.jpeg 1200w, https:\/\/globalattitude.org.br\/wp-content\/uploads\/2024\/05\/WhatsApp-Image-2024-04-30-at-14.19.49.jpeg 1600w\" sizes=\"(max-width: 1024px) 100vw, 1024px\" \/><\/a>\n\t\t\t<\/dt><\/dl><dl class='gallery-item'>\n\t\t\t<dt class='gallery-icon landscape'>\n\t\t\t\t<a href='https:\/\/globalattitude.org.br\/en\/whatsapp-image-2024-04-30-at-17-53-06-2-2\/'><img decoding=\"async\" width=\"1024\" height=\"768\" src=\"https:\/\/globalattitude.org.br\/wp-content\/uploads\/2024\/05\/WhatsApp-Image-2024-04-30-at-17.53.06-1-1024x768.jpeg\" class=\"attachment-large size-large\" alt=\"\" srcset=\"https:\/\/globalattitude.org.br\/wp-content\/uploads\/2024\/05\/WhatsApp-Image-2024-04-30-at-17.53.06-1-1024x768.jpeg 1024w, https:\/\/globalattitude.org.br\/wp-content\/uploads\/2024\/05\/WhatsApp-Image-2024-04-30-at-17.53.06-1-300x225.jpeg 300w, https:\/\/globalattitude.org.br\/wp-content\/uploads\/2024\/05\/WhatsApp-Image-2024-04-30-at-17.53.06-1-768x576.jpeg 768w, https:\/\/globalattitude.org.br\/wp-content\/uploads\/2024\/05\/WhatsApp-Image-2024-04-30-at-17.53.06-1-1536x1152.jpeg 1536w, https:\/\/globalattitude.org.br\/wp-content\/uploads\/2024\/05\/WhatsApp-Image-2024-04-30-at-17.53.06-1-180x135.jpeg 180w, https:\/\/globalattitude.org.br\/wp-content\/uploads\/2024\/05\/WhatsApp-Image-2024-04-30-at-17.53.06-1-240x180.jpeg 240w, https:\/\/globalattitude.org.br\/wp-content\/uploads\/2024\/05\/WhatsApp-Image-2024-04-30-at-17.53.06-1-1200x900.jpeg 1200w, https:\/\/globalattitude.org.br\/wp-content\/uploads\/2024\/05\/WhatsApp-Image-2024-04-30-at-17.53.06-1.jpeg 1600w\" sizes=\"(max-width: 1024px) 100vw, 1024px\" \/><\/a>\n\t\t\t<\/dt><\/dl><br style=\"clear: both\" \/><dl class='gallery-item'>\n\t\t\t<dt class='gallery-icon landscape'>\n\t\t\t\t<a href='https:\/\/globalattitude.org.br\/en\/whatsapp-image-2024-05-17-at-11-18-10-3-2\/'><img loading=\"lazy\" decoding=\"async\" width=\"1024\" height=\"576\" src=\"https:\/\/globalattitude.org.br\/wp-content\/uploads\/2024\/05\/WhatsApp-Image-2024-05-17-at-11.18.10-2-1024x576.jpeg\" class=\"attachment-large size-large\" alt=\"\" srcset=\"https:\/\/globalattitude.org.br\/wp-content\/uploads\/2024\/05\/WhatsApp-Image-2024-05-17-at-11.18.10-2-1024x576.jpeg 1024w, https:\/\/globalattitude.org.br\/wp-content\/uploads\/2024\/05\/WhatsApp-Image-2024-05-17-at-11.18.10-2-300x169.jpeg 300w, https:\/\/globalattitude.org.br\/wp-content\/uploads\/2024\/05\/WhatsApp-Image-2024-05-17-at-11.18.10-2-768x432.jpeg 768w, https:\/\/globalattitude.org.br\/wp-content\/uploads\/2024\/05\/WhatsApp-Image-2024-05-17-at-11.18.10-2-1536x864.jpeg 1536w, https:\/\/globalattitude.org.br\/wp-content\/uploads\/2024\/05\/WhatsApp-Image-2024-05-17-at-11.18.10-2-180x101.jpeg 180w, https:\/\/globalattitude.org.br\/wp-content\/uploads\/2024\/05\/WhatsApp-Image-2024-05-17-at-11.18.10-2-320x180.jpeg 320w, https:\/\/globalattitude.org.br\/wp-content\/uploads\/2024\/05\/WhatsApp-Image-2024-05-17-at-11.18.10-2-1200x675.jpeg 1200w, https:\/\/globalattitude.org.br\/wp-content\/uploads\/2024\/05\/WhatsApp-Image-2024-05-17-at-11.18.10-2.jpeg 1599w\" sizes=\"(max-width: 1024px) 100vw, 1024px\" \/><\/a>\n\t\t\t<\/dt><\/dl>\n\t\t\t<br style='clear: both' \/>\n\t\t<\/div>\n\n<p>&nbsp;<\/p>\n<p>&nbsp;<\/p>\n","protected":false},"excerpt":{"rendered":"<p>Os encontros buscam incentivar a curiosidade, a criatividade, o repert\u00f3rio cultural e o pensamento cr\u00edtico. Por Reda\u00e7\u00e3o, IGA SP \u2014 S\u00e3o Paulo 20\/05\/2024 16h13 Atualizado h\u00e1 15 minutos Terminou na \u00faltima sexta-feira (17), a visita de 320 alunos, de 15 territ\u00f3rios, do programa Empodera Juventudes, aos espa\u00e7os culturais de Mogi das Cruzes, regi\u00e3o metropolitana de [&hellip;]<\/p>\n","protected":false},"author":4,"featured_media":0,"comment_status":"open","ping_status":"open","sticky":false,"template":"","format":"standard","meta":{"_acf_changed":false,"om_disable_all_campaigns":false,"_monsterinsights_skip_tracking":false,"_uf_show_specific_survey":0,"_uf_disable_surveys":false,"footnotes":""},"categories":[360],"tags":[442,443,445,417,444],"class_list":["post-8118","post","type-post","status-publish","format-standard","hentry","category-noticias","tag-alunos","tag-empodera-juventudes","tag-espacos-culturais","tag-mogi-das-cruzes","tag-visitam"],"acf":[],"aioseo_notices":[],"aioseo_head":"\n\t\t<!-- All in One SEO 5.0.1.1 - aioseo.com -->\n\t<meta name=\"description\" content=\"Os encontros buscam incentivar a curiosidade, a criatividade, o repert\u00f3rio cultural e o pensamento cr\u00edtico. Por Reda\u00e7\u00e3o, IGA SP \u2014 S\u00e3o Paulo 20\/05\/2024 16h13 Atualizado h\u00e1 15 minutos Terminou na \u00faltima sexta-feira (17), a visita de 320 alunos, de 15 territ\u00f3rios, do programa Empodera Juventudes, aos espa\u00e7os culturais de Mogi das Cruzes, regi\u00e3o metropolitana de\" \/>\n\t<meta name=\"robots\" content=\"max-image-preview:large\" \/>\n\t<meta name=\"author\" content=\"comunicacao\"\/>\n\t<link rel=\"canonical\" href=\"https:\/\/globalattitude.org.br\/en\/alunos-do-empodera-juventudes-visitam-espacos-culturais-de-mogi-das-cruzes-sp\/\" \/>\n\t<meta name=\"generator\" content=\"All in One SEO (AIOSEO) 5.0.1.1\" \/>\n\t\t<meta property=\"og:locale\" content=\"en_US\" \/>\n\t\t<meta property=\"og:site_name\" content=\"Instituto Global Attitude -\" \/>\n\t\t<meta property=\"og:type\" content=\"article\" \/>\n\t\t<meta property=\"og:title\" content=\"Alunos do Empodera Juventudes visitam espa\u00e7os culturais de Mogi das Cruzes, em S\u00e3o Paulo - Instituto Global Attitude\" \/>\n\t\t<meta property=\"og:description\" content=\"Os encontros buscam incentivar a curiosidade, a criatividade, o repert\u00f3rio cultural e o pensamento cr\u00edtico. Por Reda\u00e7\u00e3o, IGA SP \u2014 S\u00e3o Paulo 20\/05\/2024 16h13 Atualizado h\u00e1 15 minutos Terminou na \u00faltima sexta-feira (17), a visita de 320 alunos, de 15 territ\u00f3rios, do programa Empodera Juventudes, aos espa\u00e7os culturais de Mogi das Cruzes, regi\u00e3o metropolitana de\" \/>\n\t\t<meta property=\"og:url\" content=\"https:\/\/globalattitude.org.br\/en\/alunos-do-empodera-juventudes-visitam-espacos-culturais-de-mogi-das-cruzes-sp\/\" \/>\n\t\t<meta property=\"article:published_time\" content=\"2024-05-20T19:25:26+00:00\" \/>\n\t\t<meta property=\"article:modified_time\" content=\"2024-07-30T15:18:14+00:00\" \/>\n\t\t<meta name=\"twitter:card\" content=\"summary_large_image\" \/>\n\t\t<meta name=\"twitter:title\" content=\"Alunos do Empodera Juventudes visitam espa\u00e7os culturais de Mogi das Cruzes, em S\u00e3o Paulo - Instituto Global Attitude\" \/>\n\t\t<meta name=\"twitter:description\" content=\"Os encontros buscam incentivar a curiosidade, a criatividade, o repert\u00f3rio cultural e o pensamento cr\u00edtico. Por Reda\u00e7\u00e3o, IGA SP \u2014 S\u00e3o Paulo 20\/05\/2024 16h13 Atualizado h\u00e1 15 minutos Terminou na \u00faltima sexta-feira (17), a visita de 320 alunos, de 15 territ\u00f3rios, do programa Empodera Juventudes, aos espa\u00e7os culturais de Mogi das Cruzes, regi\u00e3o metropolitana de\" \/>\n\t\t<script type=\"application\/ld+json\" class=\"aioseo-schema\">\n\t\t\t{\"@context\":\"https:\\\/\\\/schema.org\",\"@graph\":[{\"@type\":\"BlogPosting\",\"@id\":\"https:\\\/\\\/globalattitude.org.br\\\/en\\\/alunos-do-empodera-juventudes-visitam-espacos-culturais-de-mogi-das-cruzes-sp\\\/#blogposting\",\"name\":\"Alunos do Empodera Juventudes visitam espa\\u00e7os culturais de Mogi das Cruzes, em S\\u00e3o Paulo - Instituto Global Attitude\",\"headline\":\"Alunos do Empodera Juventudes visitam espa\\u00e7os culturais de Mogi das Cruzes, em S\\u00e3o Paulo\",\"author\":{\"@id\":\"https:\\\/\\\/globalattitude.org.br\\\/en\\\/author\\\/comunicacao\\\/#author\"},\"publisher\":{\"@id\":\"https:\\\/\\\/globalattitude.org.br\\\/en\\\/#organization\"},\"datePublished\":\"2024-05-20T16:25:26-03:00\",\"dateModified\":\"2024-07-30T12:18:14-03:00\",\"inLanguage\":\"en-US\",\"mainEntityOfPage\":{\"@id\":\"https:\\\/\\\/globalattitude.org.br\\\/en\\\/alunos-do-empodera-juventudes-visitam-espacos-culturais-de-mogi-das-cruzes-sp\\\/#webpage\"},\"isPartOf\":{\"@id\":\"https:\\\/\\\/globalattitude.org.br\\\/en\\\/alunos-do-empodera-juventudes-visitam-espacos-culturais-de-mogi-das-cruzes-sp\\\/#webpage\"},\"articleSection\":\"Not\\u00edcias, alunos, empodera juventudes, espa\\u00e7os culturais, mogi das cruzes, visitam, Opcional\"},{\"@type\":\"BreadcrumbList\",\"@id\":\"https:\\\/\\\/globalattitude.org.br\\\/en\\\/alunos-do-empodera-juventudes-visitam-espacos-culturais-de-mogi-das-cruzes-sp\\\/#breadcrumblist\",\"itemListElement\":[{\"@type\":\"ListItem\",\"@id\":\"https:\\\/\\\/globalattitude.org.br\\\/en\\\/#listItem\",\"position\":1,\"name\":\"Home\",\"item\":\"https:\\\/\\\/globalattitude.org.br\\\/en\\\/\",\"nextItem\":{\"@type\":\"ListItem\",\"@id\":\"https:\\\/\\\/globalattitude.org.br\\\/category\\\/noticias\\\/#listItem\",\"name\":\"Not\\u00edcias\"}},{\"@type\":\"ListItem\",\"@id\":\"https:\\\/\\\/globalattitude.org.br\\\/category\\\/noticias\\\/#listItem\",\"position\":2,\"name\":\"Not\\u00edcias\",\"item\":\"https:\\\/\\\/globalattitude.org.br\\\/category\\\/noticias\\\/\",\"nextItem\":{\"@type\":\"ListItem\",\"@id\":\"https:\\\/\\\/globalattitude.org.br\\\/en\\\/alunos-do-empodera-juventudes-visitam-espacos-culturais-de-mogi-das-cruzes-sp\\\/#listItem\",\"name\":\"Alunos do Empodera Juventudes visitam espa\\u00e7os culturais de Mogi das Cruzes, em S\\u00e3o Paulo\"},\"previousItem\":{\"@type\":\"ListItem\",\"@id\":\"https:\\\/\\\/globalattitude.org.br\\\/en\\\/#listItem\",\"name\":\"Home\"}},{\"@type\":\"ListItem\",\"@id\":\"https:\\\/\\\/globalattitude.org.br\\\/en\\\/alunos-do-empodera-juventudes-visitam-espacos-culturais-de-mogi-das-cruzes-sp\\\/#listItem\",\"position\":3,\"name\":\"Alunos do Empodera Juventudes visitam espa\\u00e7os culturais de Mogi das Cruzes, em S\\u00e3o Paulo\",\"previousItem\":{\"@type\":\"ListItem\",\"@id\":\"https:\\\/\\\/globalattitude.org.br\\\/category\\\/noticias\\\/#listItem\",\"name\":\"Not\\u00edcias\"}}]},{\"@type\":\"Organization\",\"@id\":\"https:\\\/\\\/globalattitude.org.br\\\/en\\\/#organization\",\"name\":\"Global Attitude\",\"url\":\"https:\\\/\\\/globalattitude.org.br\\\/en\\\/\"},{\"@type\":\"Person\",\"@id\":\"https:\\\/\\\/globalattitude.org.br\\\/en\\\/author\\\/comunicacao\\\/#author\",\"url\":\"https:\\\/\\\/globalattitude.org.br\\\/en\\\/author\\\/comunicacao\\\/\",\"name\":\"comunicacao\",\"image\":{\"@type\":\"ImageObject\",\"@id\":\"https:\\\/\\\/globalattitude.org.br\\\/en\\\/alunos-do-empodera-juventudes-visitam-espacos-culturais-de-mogi-das-cruzes-sp\\\/#authorImage\",\"url\":\"https:\\\/\\\/secure.gravatar.com\\\/avatar\\\/a25dbef6d352d1355e632d9629c19165ddb3e176cbcb21ee573e3d96d011d16b?s=96&d=mm&r=g\",\"width\":96,\"height\":96,\"caption\":\"comunicacao\"}},{\"@type\":\"WebPage\",\"@id\":\"https:\\\/\\\/globalattitude.org.br\\\/en\\\/alunos-do-empodera-juventudes-visitam-espacos-culturais-de-mogi-das-cruzes-sp\\\/#webpage\",\"url\":\"https:\\\/\\\/globalattitude.org.br\\\/en\\\/alunos-do-empodera-juventudes-visitam-espacos-culturais-de-mogi-das-cruzes-sp\\\/\",\"name\":\"Alunos do Empodera Juventudes visitam espa\\u00e7os culturais de Mogi das Cruzes, em S\\u00e3o Paulo - Instituto Global Attitude\",\"description\":\"Os encontros buscam incentivar a curiosidade, a criatividade, o repert\\u00f3rio cultural e o pensamento cr\\u00edtico. Por Reda\\u00e7\\u00e3o, IGA SP \\u2014 S\\u00e3o Paulo 20\\\/05\\\/2024 16h13 Atualizado h\\u00e1 15 minutos Terminou na \\u00faltima sexta-feira (17), a visita de 320 alunos, de 15 territ\\u00f3rios, do programa Empodera Juventudes, aos espa\\u00e7os culturais de Mogi das Cruzes, regi\\u00e3o metropolitana de\",\"inLanguage\":\"en-US\",\"isPartOf\":{\"@id\":\"https:\\\/\\\/globalattitude.org.br\\\/en\\\/#website\"},\"breadcrumb\":{\"@id\":\"https:\\\/\\\/globalattitude.org.br\\\/en\\\/alunos-do-empodera-juventudes-visitam-espacos-culturais-de-mogi-das-cruzes-sp\\\/#breadcrumblist\"},\"author\":{\"@id\":\"https:\\\/\\\/globalattitude.org.br\\\/en\\\/author\\\/comunicacao\\\/#author\"},\"creator\":{\"@id\":\"https:\\\/\\\/globalattitude.org.br\\\/en\\\/author\\\/comunicacao\\\/#author\"},\"datePublished\":\"2024-05-20T16:25:26-03:00\",\"dateModified\":\"2024-07-30T12:18:14-03:00\"},{\"@type\":\"WebSite\",\"@id\":\"https:\\\/\\\/globalattitude.org.br\\\/en\\\/#website\",\"url\":\"https:\\\/\\\/globalattitude.org.br\\\/en\\\/\",\"name\":\"Global Attitude\",\"inLanguage\":\"en-US\",\"publisher\":{\"@id\":\"https:\\\/\\\/globalattitude.org.br\\\/en\\\/#organization\"}}]}\n\t\t<\/script>\n\t\t<!-- All in One SEO -->\n\n","aioseo_head_json":{"title":"Alunos do Empodera Juventudes visitam espa\u00e7os culturais de Mogi das Cruzes, em S\u00e3o Paulo - Instituto Global Attitude","description":"Os encontros buscam incentivar a curiosidade, a criatividade, o repert\u00f3rio cultural e o pensamento cr\u00edtico. Por Reda\u00e7\u00e3o, IGA SP \u2014 S\u00e3o Paulo 20\/05\/2024 16h13 Atualizado h\u00e1 15 minutos Terminou na \u00faltima sexta-feira (17), a visita de 320 alunos, de 15 territ\u00f3rios, do programa Empodera Juventudes, aos espa\u00e7os culturais de Mogi das Cruzes, regi\u00e3o metropolitana de","canonical_url":"https:\/\/globalattitude.org.br\/en\/alunos-do-empodera-juventudes-visitam-espacos-culturais-de-mogi-das-cruzes-sp\/","robots":"max-image-preview:large","keywords":"","webmasterTools":{"miscellaneous":""},"schema":{"@context":"https:\/\/schema.org","@graph":[{"@type":"BlogPosting","@id":"https:\/\/globalattitude.org.br\/en\/alunos-do-empodera-juventudes-visitam-espacos-culturais-de-mogi-das-cruzes-sp\/#blogposting","name":"Alunos do Empodera Juventudes visitam espa\u00e7os culturais de Mogi das Cruzes, em S\u00e3o Paulo - Instituto Global Attitude","headline":"Alunos do Empodera Juventudes visitam espa\u00e7os culturais de Mogi das Cruzes, em S\u00e3o Paulo","author":{"@id":"https:\/\/globalattitude.org.br\/en\/author\/comunicacao\/#author"},"publisher":{"@id":"https:\/\/globalattitude.org.br\/en\/#organization"},"datePublished":"2024-05-20T16:25:26-03:00","dateModified":"2024-07-30T12:18:14-03:00","inLanguage":"en-US","mainEntityOfPage":{"@id":"https:\/\/globalattitude.org.br\/en\/alunos-do-empodera-juventudes-visitam-espacos-culturais-de-mogi-das-cruzes-sp\/#webpage"},"isPartOf":{"@id":"https:\/\/globalattitude.org.br\/en\/alunos-do-empodera-juventudes-visitam-espacos-culturais-de-mogi-das-cruzes-sp\/#webpage"},"articleSection":"Not\u00edcias, alunos, empodera juventudes, espa\u00e7os culturais, mogi das cruzes, visitam, Opcional"},{"@type":"BreadcrumbList","@id":"https:\/\/globalattitude.org.br\/en\/alunos-do-empodera-juventudes-visitam-espacos-culturais-de-mogi-das-cruzes-sp\/#breadcrumblist","itemListElement":[{"@type":"ListItem","@id":"https:\/\/globalattitude.org.br\/en\/#listItem","position":1,"name":"Home","item":"https:\/\/globalattitude.org.br\/en\/","nextItem":{"@type":"ListItem","@id":"https:\/\/globalattitude.org.br\/category\/noticias\/#listItem","name":"Not\u00edcias"}},{"@type":"ListItem","@id":"https:\/\/globalattitude.org.br\/category\/noticias\/#listItem","position":2,"name":"Not\u00edcias","item":"https:\/\/globalattitude.org.br\/category\/noticias\/","nextItem":{"@type":"ListItem","@id":"https:\/\/globalattitude.org.br\/en\/alunos-do-empodera-juventudes-visitam-espacos-culturais-de-mogi-das-cruzes-sp\/#listItem","name":"Alunos do Empodera Juventudes visitam espa\u00e7os culturais de Mogi das Cruzes, em S\u00e3o Paulo"},"previousItem":{"@type":"ListItem","@id":"https:\/\/globalattitude.org.br\/en\/#listItem","name":"Home"}},{"@type":"ListItem","@id":"https:\/\/globalattitude.org.br\/en\/alunos-do-empodera-juventudes-visitam-espacos-culturais-de-mogi-das-cruzes-sp\/#listItem","position":3,"name":"Alunos do Empodera Juventudes visitam espa\u00e7os culturais de Mogi das Cruzes, em S\u00e3o Paulo","previousItem":{"@type":"ListItem","@id":"https:\/\/globalattitude.org.br\/category\/noticias\/#listItem","name":"Not\u00edcias"}}]},{"@type":"Organization","@id":"https:\/\/globalattitude.org.br\/en\/#organization","name":"Global Attitude","url":"https:\/\/globalattitude.org.br\/en\/"},{"@type":"Person","@id":"https:\/\/globalattitude.org.br\/en\/author\/comunicacao\/#author","url":"https:\/\/globalattitude.org.br\/en\/author\/comunicacao\/","name":"comunicacao","image":{"@type":"ImageObject","@id":"https:\/\/globalattitude.org.br\/en\/alunos-do-empodera-juventudes-visitam-espacos-culturais-de-mogi-das-cruzes-sp\/#authorImage","url":"https:\/\/secure.gravatar.com\/avatar\/a25dbef6d352d1355e632d9629c19165ddb3e176cbcb21ee573e3d96d011d16b?s=96&d=mm&r=g","width":96,"height":96,"caption":"comunicacao"}},{"@type":"WebPage","@id":"https:\/\/globalattitude.org.br\/en\/alunos-do-empodera-juventudes-visitam-espacos-culturais-de-mogi-das-cruzes-sp\/#webpage","url":"https:\/\/globalattitude.org.br\/en\/alunos-do-empodera-juventudes-visitam-espacos-culturais-de-mogi-das-cruzes-sp\/","name":"Alunos do Empodera Juventudes visitam espa\u00e7os culturais de Mogi das Cruzes, em S\u00e3o Paulo - Instituto Global Attitude","description":"Os encontros buscam incentivar a curiosidade, a criatividade, o repert\u00f3rio cultural e o pensamento cr\u00edtico. Por Reda\u00e7\u00e3o, IGA SP \u2014 S\u00e3o Paulo 20\/05\/2024 16h13 Atualizado h\u00e1 15 minutos Terminou na \u00faltima sexta-feira (17), a visita de 320 alunos, de 15 territ\u00f3rios, do programa Empodera Juventudes, aos espa\u00e7os culturais de Mogi das Cruzes, regi\u00e3o metropolitana de","inLanguage":"en-US","isPartOf":{"@id":"https:\/\/globalattitude.org.br\/en\/#website"},"breadcrumb":{"@id":"https:\/\/globalattitude.org.br\/en\/alunos-do-empodera-juventudes-visitam-espacos-culturais-de-mogi-das-cruzes-sp\/#breadcrumblist"},"author":{"@id":"https:\/\/globalattitude.org.br\/en\/author\/comunicacao\/#author"},"creator":{"@id":"https:\/\/globalattitude.org.br\/en\/author\/comunicacao\/#author"},"datePublished":"2024-05-20T16:25:26-03:00","dateModified":"2024-07-30T12:18:14-03:00"},{"@type":"WebSite","@id":"https:\/\/globalattitude.org.br\/en\/#website","url":"https:\/\/globalattitude.org.br\/en\/","name":"Global Attitude","inLanguage":"en-US","publisher":{"@id":"https:\/\/globalattitude.org.br\/en\/#organization"}}]},"og:locale":"en_US","og:site_name":"Instituto Global Attitude -","og:type":"article","og:title":"Alunos do Empodera Juventudes visitam espa\u00e7os culturais de Mogi das Cruzes, em S\u00e3o Paulo - Instituto Global Attitude","og:description":"Os encontros buscam incentivar a curiosidade, a criatividade, o repert\u00f3rio cultural e o pensamento cr\u00edtico. Por Reda\u00e7\u00e3o, IGA SP \u2014 S\u00e3o Paulo 20\/05\/2024 16h13 Atualizado h\u00e1 15 minutos Terminou na \u00faltima sexta-feira (17), a visita de 320 alunos, de 15 territ\u00f3rios, do programa Empodera Juventudes, aos espa\u00e7os culturais de Mogi das Cruzes, regi\u00e3o metropolitana de","og:url":"https:\/\/globalattitude.org.br\/en\/alunos-do-empodera-juventudes-visitam-espacos-culturais-de-mogi-das-cruzes-sp\/","article:published_time":"2024-05-20T19:25:26+00:00","article:modified_time":"2024-07-30T15:18:14+00:00","twitter:card":"summary_large_image","twitter:title":"Alunos do Empodera Juventudes visitam espa\u00e7os culturais de Mogi das Cruzes, em S\u00e3o Paulo - Instituto Global Attitude","twitter:description":"Os encontros buscam incentivar a curiosidade, a criatividade, o repert\u00f3rio cultural e o pensamento cr\u00edtico. Por Reda\u00e7\u00e3o, IGA SP \u2014 S\u00e3o Paulo 20\/05\/2024 16h13 Atualizado h\u00e1 15 minutos Terminou na \u00faltima sexta-feira (17), a visita de 320 alunos, de 15 territ\u00f3rios, do programa Empodera Juventudes, aos espa\u00e7os culturais de Mogi das Cruzes, regi\u00e3o metropolitana de"},"aioseo_meta_data":{"post_id":"8118","title":null,"description":null,"keywords":null,"keyphrases":{"focus":{"keyphrase":"","score":0,"analysis":{"keyphraseInTitle":{"score":0,"maxScore":9,"error":1}}},"additional":[]},"primary_term":null,"canonical_url":null,"og_title":null,"og_description":null,"og_object_type":"default","og_image_type":"default","og_image_url":null,"og_image_width":null,"og_image_height":null,"og_image_custom_url":null,"og_image_custom_fields":null,"og_video":"","og_custom_url":null,"og_article_section":null,"og_article_tags":null,"twitter_use_og":false,"twitter_card":"default","twitter_image_type":"default","twitter_image_url":null,"twitter_image_custom_url":null,"twitter_image_custom_fields":null,"twitter_title":null,"twitter_description":null,"schema":{"blockGraphs":[],"customGraphs":[],"default":{"data":{"Article":[],"Course":[],"Dataset":[],"FAQPage":[],"Movie":[],"Person":[],"Product":[],"ProductReview":[],"Car":[],"Recipe":[],"Service":[],"SoftwareApplication":[],"WebPage":[]},"graphName":"BlogPosting","isEnabled":true},"graphs":[]},"schema_type":"default","schema_type_options":null,"pillar_content":false,"robots_default":true,"robots_noindex":false,"robots_noarchive":false,"robots_nosnippet":false,"robots_nofollow":false,"robots_noimageindex":false,"robots_noodp":false,"robots_notranslate":false,"robots_max_snippet":"-1","robots_max_videopreview":"-1","robots_max_imagepreview":"large","priority":null,"frequency":"default","local_seo":null,"breadcrumb_settings":null,"limit_modified_date":false,"ai":null,"created":"2024-05-20 19:25:26","updated":"2025-06-05 02:35:35","seo_analyzer_scan_date":null,"focus_keyword":null,"additional_keywords":null,"truseo_locale":null},"aioseo_breadcrumb":"<div class=\"aioseo-breadcrumbs\"><span class=\"aioseo-breadcrumb\">\n\t\t\t<a href=\"https:\/\/globalattitude.org.br\/en\/\" title=\"Home\">Home<\/a>\n\t\t<\/span><span class=\"aioseo-breadcrumb-separator\">&raquo;<\/span><span class=\"aioseo-breadcrumb\">\n\t\t\t<a href=\"https:\/\/globalattitude.org.br\/category\/noticias\/\" title=\"Not\u00edcias\">Not\u00edcias<\/a>\n\t\t<\/span><span class=\"aioseo-breadcrumb-separator\">&raquo;<\/span><span class=\"aioseo-breadcrumb\">\n\t\t\tAlunos do Empodera Juventudes visitam espa\u00e7os culturais de Mogi das Cruzes, em S\u00e3o Paulo\n\t\t<\/span><\/div>","aioseo_breadcrumb_json":[{"label":"Home","link":"https:\/\/globalattitude.org.br\/en\/"},{"label":"Not\u00edcias","link":"https:\/\/globalattitude.org.br\/category\/noticias\/"},{"label":"Alunos do Empodera Juventudes visitam espa\u00e7os culturais de Mogi das Cruzes, em S\u00e3o Paulo","link":"https:\/\/globalattitude.org.br\/en\/alunos-do-empodera-juventudes-visitam-espacos-culturais-de-mogi-das-cruzes-sp\/"}],"yoast_head":"<!-- This site is optimized with the Yoast SEO plugin v28.4 - https:\/\/yoast.com\/product\/yoast-seo-wordpress\/ -->\n<title>Alunos do Empodera Juventudes visitam espa\u00e7os culturais de Mogi das Cruzes, em S\u00e3o Paulo - Instituto Global Attitude<\/title>\n<meta name=\"robots\" content=\"index, follow, max-snippet:-1, max-image-preview:large, max-video-preview:-1\" \/>\n<link rel=\"canonical\" href=\"http:\/\/globalattitude.org.br\/alunos-do-empodera-juventudes-visitam-espacos-culturais-de-mogi-das-cruzes-sp\/\" \/>\n<meta property=\"og:locale\" content=\"en_US\" \/>\n<meta property=\"og:type\" content=\"article\" \/>\n<meta property=\"og:title\" content=\"Alunos do Empodera Juventudes visitam espa\u00e7os culturais de Mogi das Cruzes, em S\u00e3o Paulo - Instituto Global Attitude\" \/>\n<meta property=\"og:description\" content=\"Os encontros buscam incentivar a curiosidade, a criatividade, o repert\u00f3rio cultural e o pensamento cr\u00edtico. Por Reda\u00e7\u00e3o, IGA SP \u2014 S\u00e3o Paulo 20\/05\/2024 16h13 Atualizado h\u00e1 15 minutos Terminou na \u00faltima sexta-feira (17), a visita de 320 alunos, de 15 territ\u00f3rios, do programa Empodera Juventudes, aos espa\u00e7os culturais de Mogi das Cruzes, regi\u00e3o metropolitana de [&hellip;]\" \/>\n<meta property=\"og:url\" content=\"http:\/\/globalattitude.org.br\/alunos-do-empodera-juventudes-visitam-espacos-culturais-de-mogi-das-cruzes-sp\/\" \/>\n<meta property=\"og:site_name\" content=\"Instituto Global Attitude\" \/>\n<meta property=\"article:publisher\" content=\"https:\/\/www.facebook.com\/global.attitude.org\/\" \/>\n<meta property=\"article:published_time\" content=\"2024-05-20T19:25:26+00:00\" \/>\n<meta property=\"article:modified_time\" content=\"2024-07-30T15:18:14+00:00\" \/>\n<meta property=\"og:image\" content=\"http:\/\/globalattitude.org.br\/wp-content\/uploads\/2024\/05\/WhatsApp-Image-2024-04-30-at-14.19.48-2-e1716312076184-1024x909.jpeg\" \/>\n<meta name=\"author\" content=\"comunicacao\" \/>\n<meta name=\"twitter:card\" content=\"summary_large_image\" \/>\n<meta name=\"twitter:creator\" content=\"@global_attitude\" \/>\n<meta name=\"twitter:site\" content=\"@global_attitude\" \/>\n<meta name=\"twitter:label1\" content=\"Written by\" \/>\n\t<meta name=\"twitter:data1\" content=\"comunicacao\" \/>\n\t<meta name=\"twitter:label2\" content=\"Est. reading time\" \/>\n\t<meta name=\"twitter:data2\" content=\"2 minutes\" \/>\n<script type=\"application\/ld+json\" class=\"yoast-schema-graph\">{\"@context\":\"https:\\\/\\\/schema.org\",\"@graph\":[{\"@type\":[\"Article\",\"BlogPosting\"],\"@id\":\"http:\\\/\\\/globalattitude.org.br\\\/alunos-do-empodera-juventudes-visitam-espacos-culturais-de-mogi-das-cruzes-sp\\\/#article\",\"isPartOf\":{\"@id\":\"http:\\\/\\\/globalattitude.org.br\\\/alunos-do-empodera-juventudes-visitam-espacos-culturais-de-mogi-das-cruzes-sp\\\/\"},\"author\":{\"name\":\"comunicacao\",\"@id\":\"https:\\\/\\\/globalattitude.org.br\\\/#\\\/schema\\\/person\\\/d2d0edb26129b7407b05aa493af63725\"},\"headline\":\"Alunos do Empodera Juventudes visitam espa\u00e7os culturais de Mogi das Cruzes, em S\u00e3o Paulo\",\"datePublished\":\"2024-05-20T19:25:26+00:00\",\"dateModified\":\"2024-07-30T15:18:14+00:00\",\"mainEntityOfPage\":{\"@id\":\"http:\\\/\\\/globalattitude.org.br\\\/alunos-do-empodera-juventudes-visitam-espacos-culturais-de-mogi-das-cruzes-sp\\\/\"},\"wordCount\":305,\"commentCount\":0,\"publisher\":{\"@id\":\"https:\\\/\\\/globalattitude.org.br\\\/#organization\"},\"keywords\":[\"alunos\",\"empodera juventudes\",\"espa\u00e7os culturais\",\"mogi das cruzes\",\"visitam\"],\"articleSection\":[\"Not\u00edcias\"],\"inLanguage\":\"en-US\",\"potentialAction\":[{\"@type\":\"CommentAction\",\"name\":\"Comment\",\"target\":[\"http:\\\/\\\/globalattitude.org.br\\\/alunos-do-empodera-juventudes-visitam-espacos-culturais-de-mogi-das-cruzes-sp\\\/#respond\"]}]},{\"@type\":\"WebPage\",\"@id\":\"http:\\\/\\\/globalattitude.org.br\\\/alunos-do-empodera-juventudes-visitam-espacos-culturais-de-mogi-das-cruzes-sp\\\/\",\"url\":\"http:\\\/\\\/globalattitude.org.br\\\/alunos-do-empodera-juventudes-visitam-espacos-culturais-de-mogi-das-cruzes-sp\\\/\",\"name\":\"Alunos do Empodera Juventudes visitam espa\u00e7os culturais de Mogi das Cruzes, em S\u00e3o Paulo - Instituto Global Attitude\",\"isPartOf\":{\"@id\":\"https:\\\/\\\/globalattitude.org.br\\\/#website\"},\"datePublished\":\"2024-05-20T19:25:26+00:00\",\"dateModified\":\"2024-07-30T15:18:14+00:00\",\"breadcrumb\":{\"@id\":\"http:\\\/\\\/globalattitude.org.br\\\/alunos-do-empodera-juventudes-visitam-espacos-culturais-de-mogi-das-cruzes-sp\\\/#breadcrumb\"},\"inLanguage\":\"en-US\",\"potentialAction\":[{\"@type\":\"ReadAction\",\"target\":[\"http:\\\/\\\/globalattitude.org.br\\\/alunos-do-empodera-juventudes-visitam-espacos-culturais-de-mogi-das-cruzes-sp\\\/\"]}]},{\"@type\":\"BreadcrumbList\",\"@id\":\"http:\\\/\\\/globalattitude.org.br\\\/alunos-do-empodera-juventudes-visitam-espacos-culturais-de-mogi-das-cruzes-sp\\\/#breadcrumb\",\"itemListElement\":[{\"@type\":\"ListItem\",\"position\":1,\"name\":\"In\u00edcio\",\"item\":\"http:\\\/\\\/globalattitude.org.br\\\/en\\\/\"},{\"@type\":\"ListItem\",\"position\":2,\"name\":\"Alunos do Empodera Juventudes visitam espa\u00e7os culturais de Mogi das Cruzes, em S\u00e3o Paulo\"}]},{\"@type\":\"WebSite\",\"@id\":\"https:\\\/\\\/globalattitude.org.br\\\/#website\",\"url\":\"https:\\\/\\\/globalattitude.org.br\\\/\",\"name\":\"Instituto Global Attitude\",\"description\":\"\",\"publisher\":{\"@id\":\"https:\\\/\\\/globalattitude.org.br\\\/#organization\"},\"potentialAction\":[{\"@type\":\"SearchAction\",\"target\":{\"@type\":\"EntryPoint\",\"urlTemplate\":\"https:\\\/\\\/globalattitude.org.br\\\/?s={search_term_string}\"},\"query-input\":{\"@type\":\"PropertyValueSpecification\",\"valueRequired\":true,\"valueName\":\"search_term_string\"}}],\"inLanguage\":\"en-US\"},{\"@type\":\"Organization\",\"@id\":\"https:\\\/\\\/globalattitude.org.br\\\/#organization\",\"name\":\"Instituto Global Attitude\",\"url\":\"https:\\\/\\\/globalattitude.org.br\\\/\",\"logo\":{\"@type\":\"ImageObject\",\"inLanguage\":\"en-US\",\"@id\":\"https:\\\/\\\/globalattitude.org.br\\\/#\\\/schema\\\/logo\\\/image\\\/\",\"url\":\"https:\\\/\\\/globalattitude.org.br\\\/wp-content\\\/uploads\\\/2023\\\/01\\\/instituto-global-attitude-color.png\",\"contentUrl\":\"https:\\\/\\\/globalattitude.org.br\\\/wp-content\\\/uploads\\\/2023\\\/01\\\/instituto-global-attitude-color.png\",\"width\":300,\"height\":131,\"caption\":\"Instituto Global Attitude\"},\"image\":{\"@id\":\"https:\\\/\\\/globalattitude.org.br\\\/#\\\/schema\\\/logo\\\/image\\\/\"},\"sameAs\":[\"https:\\\/\\\/www.facebook.com\\\/global.attitude.org\\\/\",\"https:\\\/\\\/x.com\\\/global_attitude\",\"https:\\\/\\\/www.instagram.com\\\/globalattitude\",\"https:\\\/\\\/www.linkedin.com\\\/company\\\/global-attitude\\\/?viewAsMember=true\"]},{\"@type\":\"Person\",\"@id\":\"https:\\\/\\\/globalattitude.org.br\\\/#\\\/schema\\\/person\\\/d2d0edb26129b7407b05aa493af63725\",\"name\":\"comunicacao\",\"image\":{\"@type\":\"ImageObject\",\"inLanguage\":\"en-US\",\"@id\":\"https:\\\/\\\/secure.gravatar.com\\\/avatar\\\/a25dbef6d352d1355e632d9629c19165ddb3e176cbcb21ee573e3d96d011d16b?s=96&d=mm&r=g\",\"url\":\"https:\\\/\\\/secure.gravatar.com\\\/avatar\\\/a25dbef6d352d1355e632d9629c19165ddb3e176cbcb21ee573e3d96d011d16b?s=96&d=mm&r=g\",\"contentUrl\":\"https:\\\/\\\/secure.gravatar.com\\\/avatar\\\/a25dbef6d352d1355e632d9629c19165ddb3e176cbcb21ee573e3d96d011d16b?s=96&d=mm&r=g\",\"caption\":\"comunicacao\"},\"url\":\"https:\\\/\\\/globalattitude.org.br\\\/en\\\/author\\\/comunicacao\\\/\"}]}<\/script>\n<!-- \/ Yoast SEO plugin. -->","yoast_head_json":{"title":"Alunos do Empodera Juventudes visitam espa\u00e7os culturais de Mogi das Cruzes, em S\u00e3o Paulo - Instituto Global Attitude","robots":{"index":"index","follow":"follow","max-snippet":"max-snippet:-1","max-image-preview":"max-image-preview:large","max-video-preview":"max-video-preview:-1"},"canonical":"http:\/\/globalattitude.org.br\/alunos-do-empodera-juventudes-visitam-espacos-culturais-de-mogi-das-cruzes-sp\/","og_locale":"en_US","og_type":"article","og_title":"Alunos do Empodera Juventudes visitam espa\u00e7os culturais de Mogi das Cruzes, em S\u00e3o Paulo - Instituto Global Attitude","og_description":"Os encontros buscam incentivar a curiosidade, a criatividade, o repert\u00f3rio cultural e o pensamento cr\u00edtico. Por Reda\u00e7\u00e3o, IGA SP \u2014 S\u00e3o Paulo 20\/05\/2024 16h13 Atualizado h\u00e1 15 minutos Terminou na \u00faltima sexta-feira (17), a visita de 320 alunos, de 15 territ\u00f3rios, do programa Empodera Juventudes, aos espa\u00e7os culturais de Mogi das Cruzes, regi\u00e3o metropolitana de [&hellip;]","og_url":"http:\/\/globalattitude.org.br\/alunos-do-empodera-juventudes-visitam-espacos-culturais-de-mogi-das-cruzes-sp\/","og_site_name":"Instituto Global Attitude","article_publisher":"https:\/\/www.facebook.com\/global.attitude.org\/","article_published_time":"2024-05-20T19:25:26+00:00","article_modified_time":"2024-07-30T15:18:14+00:00","og_image":[{"url":"http:\/\/globalattitude.org.br\/wp-content\/uploads\/2024\/05\/WhatsApp-Image-2024-04-30-at-14.19.48-2-e1716312076184-1024x909.jpeg","type":"","width":"","height":""}],"author":"comunicacao","twitter_card":"summary_large_image","twitter_creator":"@global_attitude","twitter_site":"@global_attitude","twitter_misc":{"Written by":"comunicacao","Est. reading time":"2 minutes"},"schema":{"@context":"https:\/\/schema.org","@graph":[{"@type":["Article","BlogPosting"],"@id":"http:\/\/globalattitude.org.br\/alunos-do-empodera-juventudes-visitam-espacos-culturais-de-mogi-das-cruzes-sp\/#article","isPartOf":{"@id":"http:\/\/globalattitude.org.br\/alunos-do-empodera-juventudes-visitam-espacos-culturais-de-mogi-das-cruzes-sp\/"},"author":{"name":"comunicacao","@id":"https:\/\/globalattitude.org.br\/#\/schema\/person\/d2d0edb26129b7407b05aa493af63725"},"headline":"Alunos do Empodera Juventudes visitam espa\u00e7os culturais de Mogi das Cruzes, em S\u00e3o Paulo","datePublished":"2024-05-20T19:25:26+00:00","dateModified":"2024-07-30T15:18:14+00:00","mainEntityOfPage":{"@id":"http:\/\/globalattitude.org.br\/alunos-do-empodera-juventudes-visitam-espacos-culturais-de-mogi-das-cruzes-sp\/"},"wordCount":305,"commentCount":0,"publisher":{"@id":"https:\/\/globalattitude.org.br\/#organization"},"keywords":["alunos","empodera juventudes","espa\u00e7os culturais","mogi das cruzes","visitam"],"articleSection":["Not\u00edcias"],"inLanguage":"en-US","potentialAction":[{"@type":"CommentAction","name":"Comment","target":["http:\/\/globalattitude.org.br\/alunos-do-empodera-juventudes-visitam-espacos-culturais-de-mogi-das-cruzes-sp\/#respond"]}]},{"@type":"WebPage","@id":"http:\/\/globalattitude.org.br\/alunos-do-empodera-juventudes-visitam-espacos-culturais-de-mogi-das-cruzes-sp\/","url":"http:\/\/globalattitude.org.br\/alunos-do-empodera-juventudes-visitam-espacos-culturais-de-mogi-das-cruzes-sp\/","name":"Alunos do Empodera Juventudes visitam espa\u00e7os culturais de Mogi das Cruzes, em S\u00e3o Paulo - Instituto Global Attitude","isPartOf":{"@id":"https:\/\/globalattitude.org.br\/#website"},"datePublished":"2024-05-20T19:25:26+00:00","dateModified":"2024-07-30T15:18:14+00:00","breadcrumb":{"@id":"http:\/\/globalattitude.org.br\/alunos-do-empodera-juventudes-visitam-espacos-culturais-de-mogi-das-cruzes-sp\/#breadcrumb"},"inLanguage":"en-US","potentialAction":[{"@type":"ReadAction","target":["http:\/\/globalattitude.org.br\/alunos-do-empodera-juventudes-visitam-espacos-culturais-de-mogi-das-cruzes-sp\/"]}]},{"@type":"BreadcrumbList","@id":"http:\/\/globalattitude.org.br\/alunos-do-empodera-juventudes-visitam-espacos-culturais-de-mogi-das-cruzes-sp\/#breadcrumb","itemListElement":[{"@type":"ListItem","position":1,"name":"In\u00edcio","item":"http:\/\/globalattitude.org.br\/en\/"},{"@type":"ListItem","position":2,"name":"Alunos do Empodera Juventudes visitam espa\u00e7os culturais de Mogi das Cruzes, em S\u00e3o Paulo"}]},{"@type":"WebSite","@id":"https:\/\/globalattitude.org.br\/#website","url":"https:\/\/globalattitude.org.br\/","name":"Instituto Global Attitude","description":"","publisher":{"@id":"https:\/\/globalattitude.org.br\/#organization"},"potentialAction":[{"@type":"SearchAction","target":{"@type":"EntryPoint","urlTemplate":"https:\/\/globalattitude.org.br\/?s={search_term_string}"},"query-input":{"@type":"PropertyValueSpecification","valueRequired":true,"valueName":"search_term_string"}}],"inLanguage":"en-US"},{"@type":"Organization","@id":"https:\/\/globalattitude.org.br\/#organization","name":"Instituto Global Attitude","url":"https:\/\/globalattitude.org.br\/","logo":{"@type":"ImageObject","inLanguage":"en-US","@id":"https:\/\/globalattitude.org.br\/#\/schema\/logo\/image\/","url":"https:\/\/globalattitude.org.br\/wp-content\/uploads\/2023\/01\/instituto-global-attitude-color.png","contentUrl":"https:\/\/globalattitude.org.br\/wp-content\/uploads\/2023\/01\/instituto-global-attitude-color.png","width":300,"height":131,"caption":"Instituto Global Attitude"},"image":{"@id":"https:\/\/globalattitude.org.br\/#\/schema\/logo\/image\/"},"sameAs":["https:\/\/www.facebook.com\/global.attitude.org\/","https:\/\/x.com\/global_attitude","https:\/\/www.instagram.com\/globalattitude","https:\/\/www.linkedin.com\/company\/global-attitude\/?viewAsMember=true"]},{"@type":"Person","@id":"https:\/\/globalattitude.org.br\/#\/schema\/person\/d2d0edb26129b7407b05aa493af63725","name":"comunicacao","image":{"@type":"ImageObject","inLanguage":"en-US","@id":"https:\/\/secure.gravatar.com\/avatar\/a25dbef6d352d1355e632d9629c19165ddb3e176cbcb21ee573e3d96d011d16b?s=96&d=mm&r=g","url":"https:\/\/secure.gravatar.com\/avatar\/a25dbef6d352d1355e632d9629c19165ddb3e176cbcb21ee573e3d96d011d16b?s=96&d=mm&r=g","contentUrl":"https:\/\/secure.gravatar.com\/avatar\/a25dbef6d352d1355e632d9629c19165ddb3e176cbcb21ee573e3d96d011d16b?s=96&d=mm&r=g","caption":"comunicacao"},"url":"https:\/\/globalattitude.org.br\/en\/author\/comunicacao\/"}]}},"_links":{"self":[{"href":"https:\/\/globalattitude.org.br\/en\/wp-json\/wp\/v2\/posts\/8118","targetHints":{"allow":["GET"]}}],"collection":[{"href":"https:\/\/globalattitude.org.br\/en\/wp-json\/wp\/v2\/posts"}],"about":[{"href":"https:\/\/globalattitude.org.br\/en\/wp-json\/wp\/v2\/types\/post"}],"author":[{"embeddable":true,"href":"https:\/\/globalattitude.org.br\/en\/wp-json\/wp\/v2\/users\/4"}],"replies":[{"embeddable":true,"href":"https:\/\/globalattitude.org.br\/en\/wp-json\/wp\/v2\/comments?post=8118"}],"version-history":[{"count":6,"href":"https:\/\/globalattitude.org.br\/en\/wp-json\/wp\/v2\/posts\/8118\/revisions"}],"predecessor-version":[{"id":8746,"href":"https:\/\/globalattitude.org.br\/en\/wp-json\/wp\/v2\/posts\/8118\/revisions\/8746"}],"wp:attachment":[{"href":"https:\/\/globalattitude.org.br\/en\/wp-json\/wp\/v2\/media?parent=8118"}],"wp:term":[{"taxonomy":"category","embeddable":true,"href":"https:\/\/globalattitude.org.br\/en\/wp-json\/wp\/v2\/categories?post=8118"},{"taxonomy":"post_tag","embeddable":true,"href":"https:\/\/globalattitude.org.br\/en\/wp-json\/wp\/v2\/tags?post=8118"}],"curies":[{"name":"wp","href":"https:\/\/api.w.org\/{rel}","templated":true}]}}