{"id":8403,"date":"2024-06-24T16:50:06","date_gmt":"2024-06-24T19:50:06","guid":{"rendered":"https:\/\/globalattitude.org.br\/?p=8403"},"modified":"2024-07-30T12:14:18","modified_gmt":"2024-07-30T15:14:18","slug":"educadores-do-empodera-juventudes-promovem-confraternizacao","status":"publish","type":"post","link":"https:\/\/globalattitude.org.br\/en\/educadores-do-empodera-juventudes-promovem-confraternizacao\/","title":{"rendered":"Educadores do Empodera Juventudes promovem confraterniza\u00e7\u00e3o"},"content":{"rendered":"<p>Por Reda\u00e7\u00e3o, IGA Mogi das Cruzes \u2014 S\u00e3o Paulo 24\/06\/2024 16h42 Atualizado h\u00e1 20 minutos<\/p>\n<p>Pr\u00f3ximo da cerim\u00f4nia de formatura, o grupo celebrou conquistas com a quarta edi\u00e7\u00e3o do programa.<\/p>\n<p>A equipe do Empodera Juventudes, se reuniu neste \u00faltimo s\u00e1bado (22), em um jantar no sal\u00e3o nobre do edif\u00edcio Helbor Boulevard, em Mogi das Cruzes, regi\u00e3o metropolitana de S\u00e3o Paulo, para celebrar o fim de mais uma jornada em prol da educa\u00e7\u00e3o.<\/p>\n<p>A quarta edi\u00e7\u00e3o do projeto chega ao fim com n\u00fameros importantes, sendo 126 horas de curso, 5 atividades externas, 4 visitas t\u00e9cnicas e 288 jovens formados.<\/p>\n<p>O Empodera Juventudes \u00e9 uma iniciativa da Prefeitura de Mogi das Cruzes, por meio da Secretaria de Desenvolvimento Econ\u00f4mico e Inova\u00e7\u00e3o, com o apoio do Instituto Global Attitude.<\/p>\n<p>A coordenadora, Jaqueline Brito, ressaltou a import\u00e2ncia deste momento para criar v\u00ednculos entre os membros do projeto e do Poder Executivo Municipal.<\/p>\n<p>\u201c\u00c9 um momento de muita import\u00e2ncia, pois \u00e9 aqui que tra\u00e7amos ideias, dialogamos para compreender o que foi bem-feito, o que precisa de uma aten\u00e7\u00e3o, refor\u00e7o e at\u00e9 recalcular a rota. \u00c9 momento, sobretudo, de celebrarmos mais um projeto feito com muito carinho entre todos os membros. Obrigada a todos pela dedica\u00e7\u00e3o, carinho e empenho.\u201d<\/p>\n<p>O jantar contou, ainda, com a participa\u00e7\u00e3o de It\u00e2nio Mariano, coordenador de capacita\u00e7\u00e3o profissional e pol\u00edtica p\u00fablicas para juventude, de Mogi das Cruzes.<\/p>\n<p>\u201cO Empodera Juventudes \u00e9 um projeto fundamental para o futuro de nossa cidade \u2013 \u00e9 a porta de entrada o mercado de trabalho para muitos jovens, al\u00e9m de fortalecer seus projetos de vida e garantir uma forma\u00e7\u00e3o cidad\u00e3\u201d, concluiu Mariano.<\/p>\n<p>O programa est\u00e1 presente em diversos bairros mogianos, em Taia\u00e7upeba, Novo Horizonte, Jundiapeba, Tabo\u00e3o, Parque S\u00e3o Martinho, Rodeio, Vila Brasileira, Vila Natal, Braz Cubas, C\u00e9sar de Souza, Vila Industrial, Centro, Botujuru e Jardim Layr.<\/p>\n<h2><strong>Formatura<\/strong><\/h2>\n<p>A cerim\u00f4nia de formatura deve acontecer no pr\u00f3ximo dia 03\/07, \u00e0s 19h00, no Gin\u00e1sio Poliesportivo Jos\u00e9 Carlos Miller da Silveira \u2013 o &#8216;Tuta&#8217;.<\/p>\n<h2><strong>+ conte\u00fados: veja a galeria de fotos<\/strong><\/h2>\n\n\t\t<style type=\"text\/css\">\n\t\t\t#gallery-1 {\n\t\t\t\tmargin: auto;\n\t\t\t}\n\t\t\t#gallery-1 .gallery-item {\n\t\t\t\tfloat: left;\n\t\t\t\tmargin-top: 10px;\n\t\t\t\ttext-align: center;\n\t\t\t\twidth: 33%;\n\t\t\t}\n\t\t\t#gallery-1 img {\n\t\t\t\tborder: 2px solid #cfcfcf;\n\t\t\t}\n\t\t\t#gallery-1 .gallery-caption {\n\t\t\t\tmargin-left: 0;\n\t\t\t}\n\t\t\t\/* see gallery_shortcode() in wp-includes\/media.php *\/\n\t\t<\/style>\n\t\t<div id='gallery-1' class='gallery galleryid-8403 gallery-columns-3 gallery-size-large'><dl class='gallery-item'>\n\t\t\t<dt class='gallery-icon portrait'>\n\t\t\t\t<a href='https:\/\/globalattitude.org.br\/en\/ok-3-2\/'><img fetchpriority=\"high\" decoding=\"async\" width=\"768\" height=\"1024\" src=\"https:\/\/globalattitude.org.br\/wp-content\/uploads\/2024\/06\/ok-2-768x1024.jpg\" class=\"attachment-large size-large\" alt=\"\" srcset=\"https:\/\/globalattitude.org.br\/wp-content\/uploads\/2024\/06\/ok-2-768x1024.jpg 768w, https:\/\/globalattitude.org.br\/wp-content\/uploads\/2024\/06\/ok-2-225x300.jpg 225w, https:\/\/globalattitude.org.br\/wp-content\/uploads\/2024\/06\/ok-2-1152x1536.jpg 1152w, https:\/\/globalattitude.org.br\/wp-content\/uploads\/2024\/06\/ok-2-135x180.jpg 135w, https:\/\/globalattitude.org.br\/wp-content\/uploads\/2024\/06\/ok-2-900x1200.jpg 900w, https:\/\/globalattitude.org.br\/wp-content\/uploads\/2024\/06\/ok-2.jpg 1200w\" sizes=\"(max-width: 768px) 100vw, 768px\" \/><\/a>\n\t\t\t<\/dt><\/dl><dl class='gallery-item'>\n\t\t\t<dt class='gallery-icon portrait'>\n\t\t\t\t<a href='https:\/\/globalattitude.org.br\/en\/imagem-do-whatsapp-de-2024-06-24-as-15-30-55_bac8b13a-2\/'><img decoding=\"async\" width=\"768\" height=\"1024\" src=\"https:\/\/globalattitude.org.br\/wp-content\/uploads\/2024\/06\/Imagem-do-WhatsApp-de-2024-06-24-as-15.30.55_bac8b13a-768x1024.jpg\" class=\"attachment-large size-large\" alt=\"\" srcset=\"https:\/\/globalattitude.org.br\/wp-content\/uploads\/2024\/06\/Imagem-do-WhatsApp-de-2024-06-24-as-15.30.55_bac8b13a-768x1024.jpg 768w, https:\/\/globalattitude.org.br\/wp-content\/uploads\/2024\/06\/Imagem-do-WhatsApp-de-2024-06-24-as-15.30.55_bac8b13a-225x300.jpg 225w, https:\/\/globalattitude.org.br\/wp-content\/uploads\/2024\/06\/Imagem-do-WhatsApp-de-2024-06-24-as-15.30.55_bac8b13a-1152x1536.jpg 1152w, https:\/\/globalattitude.org.br\/wp-content\/uploads\/2024\/06\/Imagem-do-WhatsApp-de-2024-06-24-as-15.30.55_bac8b13a-135x180.jpg 135w, https:\/\/globalattitude.org.br\/wp-content\/uploads\/2024\/06\/Imagem-do-WhatsApp-de-2024-06-24-as-15.30.55_bac8b13a-900x1200.jpg 900w, https:\/\/globalattitude.org.br\/wp-content\/uploads\/2024\/06\/Imagem-do-WhatsApp-de-2024-06-24-as-15.30.55_bac8b13a.jpg 1200w\" sizes=\"(max-width: 768px) 100vw, 768px\" \/><\/a>\n\t\t\t<\/dt><\/dl><dl class='gallery-item'>\n\t\t\t<dt class='gallery-icon portrait'>\n\t\t\t\t<a href='https:\/\/globalattitude.org.br\/en\/imagem-do-whatsapp-de-2024-06-24-as-15-30-58_d144a8e5-2\/'><img decoding=\"async\" width=\"768\" height=\"1024\" src=\"https:\/\/globalattitude.org.br\/wp-content\/uploads\/2024\/06\/Imagem-do-WhatsApp-de-2024-06-24-as-15.30.58_d144a8e5-768x1024.jpg\" class=\"attachment-large size-large\" alt=\"\" srcset=\"https:\/\/globalattitude.org.br\/wp-content\/uploads\/2024\/06\/Imagem-do-WhatsApp-de-2024-06-24-as-15.30.58_d144a8e5-768x1024.jpg 768w, https:\/\/globalattitude.org.br\/wp-content\/uploads\/2024\/06\/Imagem-do-WhatsApp-de-2024-06-24-as-15.30.58_d144a8e5-225x300.jpg 225w, https:\/\/globalattitude.org.br\/wp-content\/uploads\/2024\/06\/Imagem-do-WhatsApp-de-2024-06-24-as-15.30.58_d144a8e5-1152x1536.jpg 1152w, https:\/\/globalattitude.org.br\/wp-content\/uploads\/2024\/06\/Imagem-do-WhatsApp-de-2024-06-24-as-15.30.58_d144a8e5-135x180.jpg 135w, https:\/\/globalattitude.org.br\/wp-content\/uploads\/2024\/06\/Imagem-do-WhatsApp-de-2024-06-24-as-15.30.58_d144a8e5-900x1200.jpg 900w, https:\/\/globalattitude.org.br\/wp-content\/uploads\/2024\/06\/Imagem-do-WhatsApp-de-2024-06-24-as-15.30.58_d144a8e5.jpg 1200w\" sizes=\"(max-width: 768px) 100vw, 768px\" \/><\/a>\n\t\t\t<\/dt><\/dl><br style=\"clear: both\" \/><dl class='gallery-item'>\n\t\t\t<dt class='gallery-icon portrait'>\n\t\t\t\t<a href='https:\/\/globalattitude.org.br\/en\/imagem-do-whatsapp-de-2024-06-24-as-15-31-01_d1b8895b-2\/'><img loading=\"lazy\" decoding=\"async\" width=\"768\" height=\"1024\" src=\"https:\/\/globalattitude.org.br\/wp-content\/uploads\/2024\/06\/Imagem-do-WhatsApp-de-2024-06-24-as-15.31.01_d1b8895b-768x1024.jpg\" class=\"attachment-large size-large\" alt=\"\" srcset=\"https:\/\/globalattitude.org.br\/wp-content\/uploads\/2024\/06\/Imagem-do-WhatsApp-de-2024-06-24-as-15.31.01_d1b8895b-768x1024.jpg 768w, https:\/\/globalattitude.org.br\/wp-content\/uploads\/2024\/06\/Imagem-do-WhatsApp-de-2024-06-24-as-15.31.01_d1b8895b-225x300.jpg 225w, https:\/\/globalattitude.org.br\/wp-content\/uploads\/2024\/06\/Imagem-do-WhatsApp-de-2024-06-24-as-15.31.01_d1b8895b-1152x1536.jpg 1152w, https:\/\/globalattitude.org.br\/wp-content\/uploads\/2024\/06\/Imagem-do-WhatsApp-de-2024-06-24-as-15.31.01_d1b8895b-135x180.jpg 135w, https:\/\/globalattitude.org.br\/wp-content\/uploads\/2024\/06\/Imagem-do-WhatsApp-de-2024-06-24-as-15.31.01_d1b8895b-900x1200.jpg 900w, https:\/\/globalattitude.org.br\/wp-content\/uploads\/2024\/06\/Imagem-do-WhatsApp-de-2024-06-24-as-15.31.01_d1b8895b.jpg 1200w\" sizes=\"(max-width: 768px) 100vw, 768px\" \/><\/a>\n\t\t\t<\/dt><\/dl>\n\t\t\t<br style='clear: both' \/>\n\t\t<\/div>\n\n","protected":false},"excerpt":{"rendered":"<p>Por Reda\u00e7\u00e3o, IGA Mogi das Cruzes \u2014 S\u00e3o Paulo 24\/06\/2024 16h42 Atualizado h\u00e1 20 minutos Pr\u00f3ximo da cerim\u00f4nia de formatura, o grupo celebrou conquistas com a quarta edi\u00e7\u00e3o do programa. A equipe do Empodera Juventudes, se reuniu neste \u00faltimo s\u00e1bado (22), em um jantar no sal\u00e3o nobre do edif\u00edcio Helbor Boulevard, em Mogi das Cruzes, [&hellip;]<\/p>\n","protected":false},"author":4,"featured_media":0,"comment_status":"open","ping_status":"open","sticky":false,"template":"","format":"standard","meta":{"_acf_changed":false,"om_disable_all_campaigns":false,"_monsterinsights_skip_tracking":false,"_monsterinsights_sitenote_active":false,"_monsterinsights_sitenote_note":"","_monsterinsights_sitenote_category":0,"_uf_show_specific_survey":0,"_uf_disable_surveys":false,"footnotes":""},"categories":[360],"tags":[499],"class_list":["post-8403","post","type-post","status-publish","format-standard","hentry","category-noticias","tag-educadores-do-empodera-juventudes-promovem-confraternizacao"],"acf":[],"aioseo_notices":[],"yoast_head":"<!-- This site is optimized with the Yoast SEO plugin v27.5 - https:\/\/yoast.com\/product\/yoast-seo-wordpress\/ -->\n<title>Educadores do Empodera Juventudes promovem confraterniza\u00e7\u00e3o - Instituto Global Attitude<\/title>\n<meta name=\"robots\" content=\"index, follow, max-snippet:-1, max-image-preview:large, max-video-preview:-1\" \/>\n<link rel=\"canonical\" href=\"http:\/\/globalattitude.org.br\/educadores-do-empodera-juventudes-promovem-confraternizacao\/\" \/>\n<meta property=\"og:locale\" content=\"en_US\" \/>\n<meta property=\"og:type\" content=\"article\" \/>\n<meta property=\"og:title\" content=\"Educadores do Empodera Juventudes promovem confraterniza\u00e7\u00e3o - Instituto Global Attitude\" \/>\n<meta property=\"og:description\" content=\"Por Reda\u00e7\u00e3o, IGA Mogi das Cruzes \u2014 S\u00e3o Paulo 24\/06\/2024 16h42 Atualizado h\u00e1 20 minutos Pr\u00f3ximo da cerim\u00f4nia de formatura, o grupo celebrou conquistas com a quarta edi\u00e7\u00e3o do programa. A equipe do Empodera Juventudes, se reuniu neste \u00faltimo s\u00e1bado (22), em um jantar no sal\u00e3o nobre do edif\u00edcio Helbor Boulevard, em Mogi das Cruzes, [&hellip;]\" \/>\n<meta property=\"og:url\" content=\"http:\/\/globalattitude.org.br\/educadores-do-empodera-juventudes-promovem-confraternizacao\/\" \/>\n<meta property=\"og:site_name\" content=\"Instituto Global Attitude\" \/>\n<meta property=\"article:publisher\" content=\"https:\/\/www.facebook.com\/global.attitude.org\/\" \/>\n<meta property=\"article:published_time\" content=\"2024-06-24T19:50:06+00:00\" \/>\n<meta property=\"article:modified_time\" content=\"2024-07-30T15:14:18+00:00\" \/>\n<meta property=\"og:image\" content=\"http:\/\/globalattitude.org.br\/wp-content\/uploads\/2024\/06\/ok-2-768x1024.jpg\" \/>\n<meta name=\"author\" content=\"comunicacao\" \/>\n<meta name=\"twitter:card\" content=\"summary_large_image\" \/>\n<meta name=\"twitter:creator\" content=\"@global_attitude\" \/>\n<meta name=\"twitter:site\" content=\"@global_attitude\" \/>\n<meta name=\"twitter:label1\" content=\"Written by\" \/>\n\t<meta name=\"twitter:data1\" content=\"comunicacao\" \/>\n\t<meta name=\"twitter:label2\" content=\"Est. reading time\" \/>\n\t<meta name=\"twitter:data2\" content=\"3 minutes\" \/>\n<script type=\"application\/ld+json\" class=\"yoast-schema-graph\">{\"@context\":\"https:\\\/\\\/schema.org\",\"@graph\":[{\"@type\":[\"Article\",\"BlogPosting\"],\"@id\":\"http:\\\/\\\/globalattitude.org.br\\\/educadores-do-empodera-juventudes-promovem-confraternizacao\\\/#article\",\"isPartOf\":{\"@id\":\"http:\\\/\\\/globalattitude.org.br\\\/educadores-do-empodera-juventudes-promovem-confraternizacao\\\/\"},\"author\":{\"name\":\"comunicacao\",\"@id\":\"http:\\\/\\\/globalattitude.org.br\\\/#\\\/schema\\\/person\\\/d2d0edb26129b7407b05aa493af63725\"},\"headline\":\"Educadores do Empodera Juventudes promovem confraterniza\u00e7\u00e3o\",\"datePublished\":\"2024-06-24T19:50:06+00:00\",\"dateModified\":\"2024-07-30T15:14:18+00:00\",\"mainEntityOfPage\":{\"@id\":\"http:\\\/\\\/globalattitude.org.br\\\/educadores-do-empodera-juventudes-promovem-confraternizacao\\\/\"},\"wordCount\":362,\"commentCount\":0,\"publisher\":{\"@id\":\"http:\\\/\\\/globalattitude.org.br\\\/#organization\"},\"keywords\":[\"Educadores do Empodera Juventudes promovem confraterniza\u00e7\u00e3o\"],\"articleSection\":[\"Not\u00edcias\"],\"inLanguage\":\"en-US\",\"potentialAction\":[{\"@type\":\"CommentAction\",\"name\":\"Comment\",\"target\":[\"http:\\\/\\\/globalattitude.org.br\\\/educadores-do-empodera-juventudes-promovem-confraternizacao\\\/#respond\"]}]},{\"@type\":\"WebPage\",\"@id\":\"http:\\\/\\\/globalattitude.org.br\\\/educadores-do-empodera-juventudes-promovem-confraternizacao\\\/\",\"url\":\"http:\\\/\\\/globalattitude.org.br\\\/educadores-do-empodera-juventudes-promovem-confraternizacao\\\/\",\"name\":\"Educadores do Empodera Juventudes promovem confraterniza\u00e7\u00e3o - Instituto Global Attitude\",\"isPartOf\":{\"@id\":\"http:\\\/\\\/globalattitude.org.br\\\/#website\"},\"datePublished\":\"2024-06-24T19:50:06+00:00\",\"dateModified\":\"2024-07-30T15:14:18+00:00\",\"breadcrumb\":{\"@id\":\"http:\\\/\\\/globalattitude.org.br\\\/educadores-do-empodera-juventudes-promovem-confraternizacao\\\/#breadcrumb\"},\"inLanguage\":\"en-US\",\"potentialAction\":[{\"@type\":\"ReadAction\",\"target\":[\"http:\\\/\\\/globalattitude.org.br\\\/educadores-do-empodera-juventudes-promovem-confraternizacao\\\/\"]}]},{\"@type\":\"BreadcrumbList\",\"@id\":\"http:\\\/\\\/globalattitude.org.br\\\/educadores-do-empodera-juventudes-promovem-confraternizacao\\\/#breadcrumb\",\"itemListElement\":[{\"@type\":\"ListItem\",\"position\":1,\"name\":\"In\u00edcio\",\"item\":\"https:\\\/\\\/globalattitude.org.br\\\/en\\\/\"},{\"@type\":\"ListItem\",\"position\":2,\"name\":\"Educadores do Empodera Juventudes promovem confraterniza\u00e7\u00e3o\"}]},{\"@type\":\"WebSite\",\"@id\":\"http:\\\/\\\/globalattitude.org.br\\\/#website\",\"url\":\"http:\\\/\\\/globalattitude.org.br\\\/\",\"name\":\"Instituto Global Attitude\",\"description\":\"\",\"publisher\":{\"@id\":\"http:\\\/\\\/globalattitude.org.br\\\/#organization\"},\"potentialAction\":[{\"@type\":\"SearchAction\",\"target\":{\"@type\":\"EntryPoint\",\"urlTemplate\":\"http:\\\/\\\/globalattitude.org.br\\\/?s={search_term_string}\"},\"query-input\":{\"@type\":\"PropertyValueSpecification\",\"valueRequired\":true,\"valueName\":\"search_term_string\"}}],\"inLanguage\":\"en-US\"},{\"@type\":\"Organization\",\"@id\":\"http:\\\/\\\/globalattitude.org.br\\\/#organization\",\"name\":\"Instituto Global Attitude\",\"url\":\"http:\\\/\\\/globalattitude.org.br\\\/\",\"logo\":{\"@type\":\"ImageObject\",\"inLanguage\":\"en-US\",\"@id\":\"http:\\\/\\\/globalattitude.org.br\\\/#\\\/schema\\\/logo\\\/image\\\/\",\"url\":\"https:\\\/\\\/globalattitude.org.br\\\/wp-content\\\/uploads\\\/2023\\\/01\\\/instituto-global-attitude-color.png\",\"contentUrl\":\"https:\\\/\\\/globalattitude.org.br\\\/wp-content\\\/uploads\\\/2023\\\/01\\\/instituto-global-attitude-color.png\",\"width\":300,\"height\":131,\"caption\":\"Instituto Global Attitude\"},\"image\":{\"@id\":\"http:\\\/\\\/globalattitude.org.br\\\/#\\\/schema\\\/logo\\\/image\\\/\"},\"sameAs\":[\"https:\\\/\\\/www.facebook.com\\\/global.attitude.org\\\/\",\"https:\\\/\\\/x.com\\\/global_attitude\",\"https:\\\/\\\/www.instagram.com\\\/globalattitude\",\"https:\\\/\\\/www.linkedin.com\\\/company\\\/global-attitude\\\/?viewAsMember=true\"]},{\"@type\":\"Person\",\"@id\":\"http:\\\/\\\/globalattitude.org.br\\\/#\\\/schema\\\/person\\\/d2d0edb26129b7407b05aa493af63725\",\"name\":\"comunicacao\",\"image\":{\"@type\":\"ImageObject\",\"inLanguage\":\"en-US\",\"@id\":\"https:\\\/\\\/secure.gravatar.com\\\/avatar\\\/a25dbef6d352d1355e632d9629c19165ddb3e176cbcb21ee573e3d96d011d16b?s=96&d=mm&r=g\",\"url\":\"https:\\\/\\\/secure.gravatar.com\\\/avatar\\\/a25dbef6d352d1355e632d9629c19165ddb3e176cbcb21ee573e3d96d011d16b?s=96&d=mm&r=g\",\"contentUrl\":\"https:\\\/\\\/secure.gravatar.com\\\/avatar\\\/a25dbef6d352d1355e632d9629c19165ddb3e176cbcb21ee573e3d96d011d16b?s=96&d=mm&r=g\",\"caption\":\"comunicacao\"},\"url\":\"https:\\\/\\\/globalattitude.org.br\\\/en\\\/author\\\/comunicacao\\\/\"}]}<\/script>\n<!-- \/ Yoast SEO plugin. -->","yoast_head_json":{"title":"Educadores do Empodera Juventudes promovem confraterniza\u00e7\u00e3o - Instituto Global Attitude","robots":{"index":"index","follow":"follow","max-snippet":"max-snippet:-1","max-image-preview":"max-image-preview:large","max-video-preview":"max-video-preview:-1"},"canonical":"http:\/\/globalattitude.org.br\/educadores-do-empodera-juventudes-promovem-confraternizacao\/","og_locale":"en_US","og_type":"article","og_title":"Educadores do Empodera Juventudes promovem confraterniza\u00e7\u00e3o - Instituto Global Attitude","og_description":"Por Reda\u00e7\u00e3o, IGA Mogi das Cruzes \u2014 S\u00e3o Paulo 24\/06\/2024 16h42 Atualizado h\u00e1 20 minutos Pr\u00f3ximo da cerim\u00f4nia de formatura, o grupo celebrou conquistas com a quarta edi\u00e7\u00e3o do programa. A equipe do Empodera Juventudes, se reuniu neste \u00faltimo s\u00e1bado (22), em um jantar no sal\u00e3o nobre do edif\u00edcio Helbor Boulevard, em Mogi das Cruzes, [&hellip;]","og_url":"http:\/\/globalattitude.org.br\/educadores-do-empodera-juventudes-promovem-confraternizacao\/","og_site_name":"Instituto Global Attitude","article_publisher":"https:\/\/www.facebook.com\/global.attitude.org\/","article_published_time":"2024-06-24T19:50:06+00:00","article_modified_time":"2024-07-30T15:14:18+00:00","og_image":[{"url":"http:\/\/globalattitude.org.br\/wp-content\/uploads\/2024\/06\/ok-2-768x1024.jpg","type":"","width":"","height":""}],"author":"comunicacao","twitter_card":"summary_large_image","twitter_creator":"@global_attitude","twitter_site":"@global_attitude","twitter_misc":{"Written by":"comunicacao","Est. reading time":"3 minutes"},"schema":{"@context":"https:\/\/schema.org","@graph":[{"@type":["Article","BlogPosting"],"@id":"http:\/\/globalattitude.org.br\/educadores-do-empodera-juventudes-promovem-confraternizacao\/#article","isPartOf":{"@id":"http:\/\/globalattitude.org.br\/educadores-do-empodera-juventudes-promovem-confraternizacao\/"},"author":{"name":"comunicacao","@id":"http:\/\/globalattitude.org.br\/#\/schema\/person\/d2d0edb26129b7407b05aa493af63725"},"headline":"Educadores do Empodera Juventudes promovem confraterniza\u00e7\u00e3o","datePublished":"2024-06-24T19:50:06+00:00","dateModified":"2024-07-30T15:14:18+00:00","mainEntityOfPage":{"@id":"http:\/\/globalattitude.org.br\/educadores-do-empodera-juventudes-promovem-confraternizacao\/"},"wordCount":362,"commentCount":0,"publisher":{"@id":"http:\/\/globalattitude.org.br\/#organization"},"keywords":["Educadores do Empodera Juventudes promovem confraterniza\u00e7\u00e3o"],"articleSection":["Not\u00edcias"],"inLanguage":"en-US","potentialAction":[{"@type":"CommentAction","name":"Comment","target":["http:\/\/globalattitude.org.br\/educadores-do-empodera-juventudes-promovem-confraternizacao\/#respond"]}]},{"@type":"WebPage","@id":"http:\/\/globalattitude.org.br\/educadores-do-empodera-juventudes-promovem-confraternizacao\/","url":"http:\/\/globalattitude.org.br\/educadores-do-empodera-juventudes-promovem-confraternizacao\/","name":"Educadores do Empodera Juventudes promovem confraterniza\u00e7\u00e3o - Instituto Global Attitude","isPartOf":{"@id":"http:\/\/globalattitude.org.br\/#website"},"datePublished":"2024-06-24T19:50:06+00:00","dateModified":"2024-07-30T15:14:18+00:00","breadcrumb":{"@id":"http:\/\/globalattitude.org.br\/educadores-do-empodera-juventudes-promovem-confraternizacao\/#breadcrumb"},"inLanguage":"en-US","potentialAction":[{"@type":"ReadAction","target":["http:\/\/globalattitude.org.br\/educadores-do-empodera-juventudes-promovem-confraternizacao\/"]}]},{"@type":"BreadcrumbList","@id":"http:\/\/globalattitude.org.br\/educadores-do-empodera-juventudes-promovem-confraternizacao\/#breadcrumb","itemListElement":[{"@type":"ListItem","position":1,"name":"In\u00edcio","item":"https:\/\/globalattitude.org.br\/en\/"},{"@type":"ListItem","position":2,"name":"Educadores do Empodera Juventudes promovem confraterniza\u00e7\u00e3o"}]},{"@type":"WebSite","@id":"http:\/\/globalattitude.org.br\/#website","url":"http:\/\/globalattitude.org.br\/","name":"Instituto Global Attitude","description":"","publisher":{"@id":"http:\/\/globalattitude.org.br\/#organization"},"potentialAction":[{"@type":"SearchAction","target":{"@type":"EntryPoint","urlTemplate":"http:\/\/globalattitude.org.br\/?s={search_term_string}"},"query-input":{"@type":"PropertyValueSpecification","valueRequired":true,"valueName":"search_term_string"}}],"inLanguage":"en-US"},{"@type":"Organization","@id":"http:\/\/globalattitude.org.br\/#organization","name":"Instituto Global Attitude","url":"http:\/\/globalattitude.org.br\/","logo":{"@type":"ImageObject","inLanguage":"en-US","@id":"http:\/\/globalattitude.org.br\/#\/schema\/logo\/image\/","url":"https:\/\/globalattitude.org.br\/wp-content\/uploads\/2023\/01\/instituto-global-attitude-color.png","contentUrl":"https:\/\/globalattitude.org.br\/wp-content\/uploads\/2023\/01\/instituto-global-attitude-color.png","width":300,"height":131,"caption":"Instituto Global Attitude"},"image":{"@id":"http:\/\/globalattitude.org.br\/#\/schema\/logo\/image\/"},"sameAs":["https:\/\/www.facebook.com\/global.attitude.org\/","https:\/\/x.com\/global_attitude","https:\/\/www.instagram.com\/globalattitude","https:\/\/www.linkedin.com\/company\/global-attitude\/?viewAsMember=true"]},{"@type":"Person","@id":"http:\/\/globalattitude.org.br\/#\/schema\/person\/d2d0edb26129b7407b05aa493af63725","name":"comunicacao","image":{"@type":"ImageObject","inLanguage":"en-US","@id":"https:\/\/secure.gravatar.com\/avatar\/a25dbef6d352d1355e632d9629c19165ddb3e176cbcb21ee573e3d96d011d16b?s=96&d=mm&r=g","url":"https:\/\/secure.gravatar.com\/avatar\/a25dbef6d352d1355e632d9629c19165ddb3e176cbcb21ee573e3d96d011d16b?s=96&d=mm&r=g","contentUrl":"https:\/\/secure.gravatar.com\/avatar\/a25dbef6d352d1355e632d9629c19165ddb3e176cbcb21ee573e3d96d011d16b?s=96&d=mm&r=g","caption":"comunicacao"},"url":"https:\/\/globalattitude.org.br\/en\/author\/comunicacao\/"}]}},"_links":{"self":[{"href":"https:\/\/globalattitude.org.br\/en\/wp-json\/wp\/v2\/posts\/8403","targetHints":{"allow":["GET"]}}],"collection":[{"href":"https:\/\/globalattitude.org.br\/en\/wp-json\/wp\/v2\/posts"}],"about":[{"href":"https:\/\/globalattitude.org.br\/en\/wp-json\/wp\/v2\/types\/post"}],"author":[{"embeddable":true,"href":"https:\/\/globalattitude.org.br\/en\/wp-json\/wp\/v2\/users\/4"}],"replies":[{"embeddable":true,"href":"https:\/\/globalattitude.org.br\/en\/wp-json\/wp\/v2\/comments?post=8403"}],"version-history":[{"count":6,"href":"https:\/\/globalattitude.org.br\/en\/wp-json\/wp\/v2\/posts\/8403\/revisions"}],"predecessor-version":[{"id":8727,"href":"https:\/\/globalattitude.org.br\/en\/wp-json\/wp\/v2\/posts\/8403\/revisions\/8727"}],"wp:attachment":[{"href":"https:\/\/globalattitude.org.br\/en\/wp-json\/wp\/v2\/media?parent=8403"}],"wp:term":[{"taxonomy":"category","embeddable":true,"href":"https:\/\/globalattitude.org.br\/en\/wp-json\/wp\/v2\/categories?post=8403"},{"taxonomy":"post_tag","embeddable":true,"href":"https:\/\/globalattitude.org.br\/en\/wp-json\/wp\/v2\/tags?post=8403"}],"curies":[{"name":"wp","href":"https:\/\/api.w.org\/{rel}","templated":true}]}}