{"id":8692,"date":"2024-07-19T16:01:27","date_gmt":"2024-07-19T19:01:27","guid":{"rendered":"https:\/\/globalattitude.org.br\/?p=8692"},"modified":"2024-09-05T10:22:42","modified_gmt":"2024-09-05T13:22:42","slug":"visita-tecnica-marca-o-inicio-do-programa-pracas-da-cultura-na-zona-oeste-de-sao-paulo","status":"publish","type":"post","link":"https:\/\/globalattitude.org.br\/en\/visita-tecnica-marca-o-inicio-do-programa-pracas-da-cultura-na-zona-oeste-de-sao-paulo\/","title":{"rendered":"Visita t\u00e9cnica marca o in\u00edcio do programa Pra\u00e7as da Cultura na Zona Oeste de S\u00e3o Paulo"},"content":{"rendered":"<p>O encontro tratou sobre os detalhes do programa que deve ser inaugurado em Pirituba.<\/p>\n<p>Por Braiam Resende \u2014 IGA SP \u2014 S\u00e3o Paulo 19\/07\/2024 16h00 Atualizado h\u00e1 10 minutos<\/p>\n<p>Uma comitiva do Instituto Global Attitude (IGA), visitou nesta \u00faltima quarta-feira (17),\u00a0 pra\u00e7as que devem receber o Programa Pra\u00e7as da Cultura, em Pirituba, Jaragu\u00e1 e S\u00e3o Domingos, na Zona Oeste de S\u00e3o Paulo. A reuni\u00e3o contou com a presen\u00e7a de Marcos Zerbini, Subprefeito de Pirituba Jaragu\u00e1.<\/p>\n<p>\u201cInfelizmente, na periferia temos poucas op\u00e7\u00f5es de cultura e lazer, e esse programa vem ajudar a suprir uma das grandes defici\u00eancias que temos aqui na subprefeitura de Pirituba e Jaragu\u00e1. Portanto, \u00e9 fundamental, pois envolve a comunidade e traz cultura e lazer para a popula\u00e7\u00e3o mais carente\u201d, constatou o Subprefeito.<\/p>\n<p>A iniciativa promete transformar diversas pra\u00e7as de bairros da cidade em palcos de cultura, arte e m\u00fasica, proporcionando entretenimento gratuito para \u00e0 popula\u00e7\u00e3o.<\/p>\n<p>Com a visita de implementa\u00e7\u00e3o de Pirituba\/Jaragu\u00e1 finalizada, o pr\u00f3ximo passo \u00e9 iniciar as atividades culturais no distrito. A programa\u00e7\u00e3o incluir\u00e1 uma variedade de eventos, desde shows musicais at\u00e9 exposi\u00e7\u00f5es de arte, garantindo op\u00e7\u00f5es para todos os gostos.<\/p>\n<h2>Sobre o Programa Pra\u00e7as da Cultura<\/h2>\n<p>O Pra\u00e7as da Cultura \u00e9 um programa de circula\u00e7\u00e3o art\u00edstica que tem por objetivo democratizar o acesso \u00e0 cultura, levando apresenta\u00e7\u00f5es musicais, interven\u00e7\u00f5es art\u00edsticas e muita anima\u00e7\u00e3o para as pra\u00e7as p\u00fablicas de S\u00e3o Paulo. A proposta \u00e9 oferecer eventos gratuitos que promovam a integra\u00e7\u00e3o social e o enriquecimento cultural dos moradores.<\/p>\n<h2>+ conte\u00fados: assista \u00e0 \u00edntegra da cobertura do evento<\/h2>\n<h2>\n<iframe title=\"YouTube video player\" src=\"https:\/\/www.youtube.com\/embed\/QB-ZD38o8Fo?si=BO6fqrbmbr70Sl9x\" width=\"560\" height=\"315\" frameborder=\"0\" allowfullscreen=\"allowfullscreen\"><\/iframe><\/h2>\n","protected":false},"excerpt":{"rendered":"<p>O encontro tratou sobre os detalhes do programa que deve ser inaugurado em Pirituba. Por Braiam Resende \u2014 IGA SP \u2014 S\u00e3o Paulo 19\/07\/2024 16h00 Atualizado h\u00e1 10 minutos Uma comitiva do Instituto Global Attitude (IGA), visitou nesta \u00faltima quarta-feira (17),\u00a0 pra\u00e7as que devem receber o Programa Pra\u00e7as da Cultura, em Pirituba, Jaragu\u00e1 e S\u00e3o [&hellip;]<\/p>\n","protected":false},"author":4,"featured_media":0,"comment_status":"open","ping_status":"open","sticky":false,"template":"","format":"standard","meta":{"_acf_changed":false,"om_disable_all_campaigns":false,"_monsterinsights_skip_tracking":false,"_monsterinsights_sitenote_active":false,"_monsterinsights_sitenote_note":"","_monsterinsights_sitenote_category":0,"_uf_show_specific_survey":0,"_uf_disable_surveys":false,"footnotes":""},"categories":[360],"tags":[522],"class_list":["post-8692","post","type-post","status-publish","format-standard","hentry","category-noticias","tag-visita-tecnica-marca-o-inicio-do-programa-pracas-da-cultura-na-zona-oeste-de-sao-paulo"],"acf":[],"aioseo_notices":[],"yoast_head":"<!-- This site is optimized with the Yoast SEO plugin v27.5 - https:\/\/yoast.com\/product\/yoast-seo-wordpress\/ -->\n<title>Visita t\u00e9cnica marca o in\u00edcio do programa Pra\u00e7as da Cultura na Zona Oeste de S\u00e3o Paulo - Instituto Global Attitude<\/title>\n<meta name=\"robots\" content=\"index, follow, max-snippet:-1, max-image-preview:large, max-video-preview:-1\" \/>\n<link rel=\"canonical\" href=\"https:\/\/globalattitude.org.br\/visita-tecnica-marca-o-inicio-do-programa-pracas-da-cultura-na-zona-oeste-de-sao-paulo\/\" \/>\n<meta property=\"og:locale\" content=\"en_US\" \/>\n<meta property=\"og:type\" content=\"article\" \/>\n<meta property=\"og:title\" content=\"Visita t\u00e9cnica marca o in\u00edcio do programa Pra\u00e7as da Cultura na Zona Oeste de S\u00e3o Paulo - Instituto Global Attitude\" \/>\n<meta property=\"og:description\" content=\"O encontro tratou sobre os detalhes do programa que deve ser inaugurado em Pirituba. Por Braiam Resende \u2014 IGA SP \u2014 S\u00e3o Paulo 19\/07\/2024 16h00 Atualizado h\u00e1 10 minutos Uma comitiva do Instituto Global Attitude (IGA), visitou nesta \u00faltima quarta-feira (17),\u00a0 pra\u00e7as que devem receber o Programa Pra\u00e7as da Cultura, em Pirituba, Jaragu\u00e1 e S\u00e3o [&hellip;]\" \/>\n<meta property=\"og:url\" content=\"https:\/\/globalattitude.org.br\/visita-tecnica-marca-o-inicio-do-programa-pracas-da-cultura-na-zona-oeste-de-sao-paulo\/\" \/>\n<meta property=\"og:site_name\" content=\"Instituto Global Attitude\" \/>\n<meta property=\"article:publisher\" content=\"https:\/\/www.facebook.com\/global.attitude.org\/\" \/>\n<meta property=\"article:published_time\" content=\"2024-07-19T19:01:27+00:00\" \/>\n<meta property=\"article:modified_time\" content=\"2024-09-05T13:22:42+00:00\" \/>\n<meta name=\"author\" content=\"comunicacao\" \/>\n<meta name=\"twitter:card\" content=\"summary_large_image\" \/>\n<meta name=\"twitter:creator\" content=\"@global_attitude\" \/>\n<meta name=\"twitter:site\" content=\"@global_attitude\" \/>\n<meta name=\"twitter:label1\" content=\"Written by\" \/>\n\t<meta name=\"twitter:data1\" content=\"comunicacao\" \/>\n\t<meta name=\"twitter:label2\" content=\"Est. reading time\" \/>\n\t<meta name=\"twitter:data2\" content=\"2 minutes\" \/>\n<script type=\"application\/ld+json\" class=\"yoast-schema-graph\">{\"@context\":\"https:\\\/\\\/schema.org\",\"@graph\":[{\"@type\":[\"Article\",\"BlogPosting\"],\"@id\":\"https:\\\/\\\/globalattitude.org.br\\\/visita-tecnica-marca-o-inicio-do-programa-pracas-da-cultura-na-zona-oeste-de-sao-paulo\\\/#article\",\"isPartOf\":{\"@id\":\"https:\\\/\\\/globalattitude.org.br\\\/visita-tecnica-marca-o-inicio-do-programa-pracas-da-cultura-na-zona-oeste-de-sao-paulo\\\/\"},\"author\":{\"name\":\"comunicacao\",\"@id\":\"https:\\\/\\\/globalattitude.org.br\\\/en\\\/#\\\/schema\\\/person\\\/d2d0edb26129b7407b05aa493af63725\"},\"headline\":\"Visita t\u00e9cnica marca o in\u00edcio do programa Pra\u00e7as da Cultura na Zona Oeste de S\u00e3o Paulo\",\"datePublished\":\"2024-07-19T19:01:27+00:00\",\"dateModified\":\"2024-09-05T13:22:42+00:00\",\"mainEntityOfPage\":{\"@id\":\"https:\\\/\\\/globalattitude.org.br\\\/visita-tecnica-marca-o-inicio-do-programa-pracas-da-cultura-na-zona-oeste-de-sao-paulo\\\/\"},\"wordCount\":291,\"commentCount\":0,\"publisher\":{\"@id\":\"https:\\\/\\\/globalattitude.org.br\\\/en\\\/#organization\"},\"keywords\":[\"Visita t\u00e9cnica marca o in\u00edcio do programa Pra\u00e7as da Cultura na Zona Oeste de S\u00e3o Paulo\"],\"articleSection\":[\"Not\u00edcias\"],\"inLanguage\":\"en-US\",\"potentialAction\":[{\"@type\":\"CommentAction\",\"name\":\"Comment\",\"target\":[\"https:\\\/\\\/globalattitude.org.br\\\/visita-tecnica-marca-o-inicio-do-programa-pracas-da-cultura-na-zona-oeste-de-sao-paulo\\\/#respond\"]}]},{\"@type\":\"WebPage\",\"@id\":\"https:\\\/\\\/globalattitude.org.br\\\/visita-tecnica-marca-o-inicio-do-programa-pracas-da-cultura-na-zona-oeste-de-sao-paulo\\\/\",\"url\":\"https:\\\/\\\/globalattitude.org.br\\\/visita-tecnica-marca-o-inicio-do-programa-pracas-da-cultura-na-zona-oeste-de-sao-paulo\\\/\",\"name\":\"Visita t\u00e9cnica marca o in\u00edcio do programa Pra\u00e7as da Cultura na Zona Oeste de S\u00e3o Paulo - Instituto Global Attitude\",\"isPartOf\":{\"@id\":\"https:\\\/\\\/globalattitude.org.br\\\/en\\\/#website\"},\"datePublished\":\"2024-07-19T19:01:27+00:00\",\"dateModified\":\"2024-09-05T13:22:42+00:00\",\"breadcrumb\":{\"@id\":\"https:\\\/\\\/globalattitude.org.br\\\/visita-tecnica-marca-o-inicio-do-programa-pracas-da-cultura-na-zona-oeste-de-sao-paulo\\\/#breadcrumb\"},\"inLanguage\":\"en-US\",\"potentialAction\":[{\"@type\":\"ReadAction\",\"target\":[\"https:\\\/\\\/globalattitude.org.br\\\/visita-tecnica-marca-o-inicio-do-programa-pracas-da-cultura-na-zona-oeste-de-sao-paulo\\\/\"]}]},{\"@type\":\"BreadcrumbList\",\"@id\":\"https:\\\/\\\/globalattitude.org.br\\\/visita-tecnica-marca-o-inicio-do-programa-pracas-da-cultura-na-zona-oeste-de-sao-paulo\\\/#breadcrumb\",\"itemListElement\":[{\"@type\":\"ListItem\",\"position\":1,\"name\":\"In\u00edcio\",\"item\":\"https:\\\/\\\/globalattitude.org.br\\\/en\\\/\"},{\"@type\":\"ListItem\",\"position\":2,\"name\":\"Visita t\u00e9cnica marca o in\u00edcio do programa Pra\u00e7as da Cultura na Zona Oeste de S\u00e3o Paulo\"}]},{\"@type\":\"WebSite\",\"@id\":\"https:\\\/\\\/globalattitude.org.br\\\/en\\\/#website\",\"url\":\"https:\\\/\\\/globalattitude.org.br\\\/en\\\/\",\"name\":\"Instituto Global Attitude\",\"description\":\"\",\"publisher\":{\"@id\":\"https:\\\/\\\/globalattitude.org.br\\\/en\\\/#organization\"},\"potentialAction\":[{\"@type\":\"SearchAction\",\"target\":{\"@type\":\"EntryPoint\",\"urlTemplate\":\"https:\\\/\\\/globalattitude.org.br\\\/en\\\/?s={search_term_string}\"},\"query-input\":{\"@type\":\"PropertyValueSpecification\",\"valueRequired\":true,\"valueName\":\"search_term_string\"}}],\"inLanguage\":\"en-US\"},{\"@type\":\"Organization\",\"@id\":\"https:\\\/\\\/globalattitude.org.br\\\/en\\\/#organization\",\"name\":\"Instituto Global Attitude\",\"url\":\"https:\\\/\\\/globalattitude.org.br\\\/en\\\/\",\"logo\":{\"@type\":\"ImageObject\",\"inLanguage\":\"en-US\",\"@id\":\"https:\\\/\\\/globalattitude.org.br\\\/en\\\/#\\\/schema\\\/logo\\\/image\\\/\",\"url\":\"https:\\\/\\\/globalattitude.org.br\\\/wp-content\\\/uploads\\\/2023\\\/01\\\/instituto-global-attitude-color.png\",\"contentUrl\":\"https:\\\/\\\/globalattitude.org.br\\\/wp-content\\\/uploads\\\/2023\\\/01\\\/instituto-global-attitude-color.png\",\"width\":300,\"height\":131,\"caption\":\"Instituto Global Attitude\"},\"image\":{\"@id\":\"https:\\\/\\\/globalattitude.org.br\\\/en\\\/#\\\/schema\\\/logo\\\/image\\\/\"},\"sameAs\":[\"https:\\\/\\\/www.facebook.com\\\/global.attitude.org\\\/\",\"https:\\\/\\\/x.com\\\/global_attitude\",\"https:\\\/\\\/www.instagram.com\\\/globalattitude\",\"https:\\\/\\\/www.linkedin.com\\\/company\\\/global-attitude\\\/?viewAsMember=true\"]},{\"@type\":\"Person\",\"@id\":\"https:\\\/\\\/globalattitude.org.br\\\/en\\\/#\\\/schema\\\/person\\\/d2d0edb26129b7407b05aa493af63725\",\"name\":\"comunicacao\",\"image\":{\"@type\":\"ImageObject\",\"inLanguage\":\"en-US\",\"@id\":\"https:\\\/\\\/secure.gravatar.com\\\/avatar\\\/a25dbef6d352d1355e632d9629c19165ddb3e176cbcb21ee573e3d96d011d16b?s=96&d=mm&r=g\",\"url\":\"https:\\\/\\\/secure.gravatar.com\\\/avatar\\\/a25dbef6d352d1355e632d9629c19165ddb3e176cbcb21ee573e3d96d011d16b?s=96&d=mm&r=g\",\"contentUrl\":\"https:\\\/\\\/secure.gravatar.com\\\/avatar\\\/a25dbef6d352d1355e632d9629c19165ddb3e176cbcb21ee573e3d96d011d16b?s=96&d=mm&r=g\",\"caption\":\"comunicacao\"},\"url\":\"https:\\\/\\\/globalattitude.org.br\\\/en\\\/author\\\/comunicacao\\\/\"}]}<\/script>\n<!-- \/ Yoast SEO plugin. -->","yoast_head_json":{"title":"Visita t\u00e9cnica marca o in\u00edcio do programa Pra\u00e7as da Cultura na Zona Oeste de S\u00e3o Paulo - Instituto Global Attitude","robots":{"index":"index","follow":"follow","max-snippet":"max-snippet:-1","max-image-preview":"max-image-preview:large","max-video-preview":"max-video-preview:-1"},"canonical":"https:\/\/globalattitude.org.br\/visita-tecnica-marca-o-inicio-do-programa-pracas-da-cultura-na-zona-oeste-de-sao-paulo\/","og_locale":"en_US","og_type":"article","og_title":"Visita t\u00e9cnica marca o in\u00edcio do programa Pra\u00e7as da Cultura na Zona Oeste de S\u00e3o Paulo - Instituto Global Attitude","og_description":"O encontro tratou sobre os detalhes do programa que deve ser inaugurado em Pirituba. Por Braiam Resende \u2014 IGA SP \u2014 S\u00e3o Paulo 19\/07\/2024 16h00 Atualizado h\u00e1 10 minutos Uma comitiva do Instituto Global Attitude (IGA), visitou nesta \u00faltima quarta-feira (17),\u00a0 pra\u00e7as que devem receber o Programa Pra\u00e7as da Cultura, em Pirituba, Jaragu\u00e1 e S\u00e3o [&hellip;]","og_url":"https:\/\/globalattitude.org.br\/visita-tecnica-marca-o-inicio-do-programa-pracas-da-cultura-na-zona-oeste-de-sao-paulo\/","og_site_name":"Instituto Global Attitude","article_publisher":"https:\/\/www.facebook.com\/global.attitude.org\/","article_published_time":"2024-07-19T19:01:27+00:00","article_modified_time":"2024-09-05T13:22:42+00:00","author":"comunicacao","twitter_card":"summary_large_image","twitter_creator":"@global_attitude","twitter_site":"@global_attitude","twitter_misc":{"Written by":"comunicacao","Est. reading time":"2 minutes"},"schema":{"@context":"https:\/\/schema.org","@graph":[{"@type":["Article","BlogPosting"],"@id":"https:\/\/globalattitude.org.br\/visita-tecnica-marca-o-inicio-do-programa-pracas-da-cultura-na-zona-oeste-de-sao-paulo\/#article","isPartOf":{"@id":"https:\/\/globalattitude.org.br\/visita-tecnica-marca-o-inicio-do-programa-pracas-da-cultura-na-zona-oeste-de-sao-paulo\/"},"author":{"name":"comunicacao","@id":"https:\/\/globalattitude.org.br\/en\/#\/schema\/person\/d2d0edb26129b7407b05aa493af63725"},"headline":"Visita t\u00e9cnica marca o in\u00edcio do programa Pra\u00e7as da Cultura na Zona Oeste de S\u00e3o Paulo","datePublished":"2024-07-19T19:01:27+00:00","dateModified":"2024-09-05T13:22:42+00:00","mainEntityOfPage":{"@id":"https:\/\/globalattitude.org.br\/visita-tecnica-marca-o-inicio-do-programa-pracas-da-cultura-na-zona-oeste-de-sao-paulo\/"},"wordCount":291,"commentCount":0,"publisher":{"@id":"https:\/\/globalattitude.org.br\/en\/#organization"},"keywords":["Visita t\u00e9cnica marca o in\u00edcio do programa Pra\u00e7as da Cultura na Zona Oeste de S\u00e3o Paulo"],"articleSection":["Not\u00edcias"],"inLanguage":"en-US","potentialAction":[{"@type":"CommentAction","name":"Comment","target":["https:\/\/globalattitude.org.br\/visita-tecnica-marca-o-inicio-do-programa-pracas-da-cultura-na-zona-oeste-de-sao-paulo\/#respond"]}]},{"@type":"WebPage","@id":"https:\/\/globalattitude.org.br\/visita-tecnica-marca-o-inicio-do-programa-pracas-da-cultura-na-zona-oeste-de-sao-paulo\/","url":"https:\/\/globalattitude.org.br\/visita-tecnica-marca-o-inicio-do-programa-pracas-da-cultura-na-zona-oeste-de-sao-paulo\/","name":"Visita t\u00e9cnica marca o in\u00edcio do programa Pra\u00e7as da Cultura na Zona Oeste de S\u00e3o Paulo - Instituto Global Attitude","isPartOf":{"@id":"https:\/\/globalattitude.org.br\/en\/#website"},"datePublished":"2024-07-19T19:01:27+00:00","dateModified":"2024-09-05T13:22:42+00:00","breadcrumb":{"@id":"https:\/\/globalattitude.org.br\/visita-tecnica-marca-o-inicio-do-programa-pracas-da-cultura-na-zona-oeste-de-sao-paulo\/#breadcrumb"},"inLanguage":"en-US","potentialAction":[{"@type":"ReadAction","target":["https:\/\/globalattitude.org.br\/visita-tecnica-marca-o-inicio-do-programa-pracas-da-cultura-na-zona-oeste-de-sao-paulo\/"]}]},{"@type":"BreadcrumbList","@id":"https:\/\/globalattitude.org.br\/visita-tecnica-marca-o-inicio-do-programa-pracas-da-cultura-na-zona-oeste-de-sao-paulo\/#breadcrumb","itemListElement":[{"@type":"ListItem","position":1,"name":"In\u00edcio","item":"https:\/\/globalattitude.org.br\/en\/"},{"@type":"ListItem","position":2,"name":"Visita t\u00e9cnica marca o in\u00edcio do programa Pra\u00e7as da Cultura na Zona Oeste de S\u00e3o Paulo"}]},{"@type":"WebSite","@id":"https:\/\/globalattitude.org.br\/en\/#website","url":"https:\/\/globalattitude.org.br\/en\/","name":"Instituto Global Attitude","description":"","publisher":{"@id":"https:\/\/globalattitude.org.br\/en\/#organization"},"potentialAction":[{"@type":"SearchAction","target":{"@type":"EntryPoint","urlTemplate":"https:\/\/globalattitude.org.br\/en\/?s={search_term_string}"},"query-input":{"@type":"PropertyValueSpecification","valueRequired":true,"valueName":"search_term_string"}}],"inLanguage":"en-US"},{"@type":"Organization","@id":"https:\/\/globalattitude.org.br\/en\/#organization","name":"Instituto Global Attitude","url":"https:\/\/globalattitude.org.br\/en\/","logo":{"@type":"ImageObject","inLanguage":"en-US","@id":"https:\/\/globalattitude.org.br\/en\/#\/schema\/logo\/image\/","url":"https:\/\/globalattitude.org.br\/wp-content\/uploads\/2023\/01\/instituto-global-attitude-color.png","contentUrl":"https:\/\/globalattitude.org.br\/wp-content\/uploads\/2023\/01\/instituto-global-attitude-color.png","width":300,"height":131,"caption":"Instituto Global Attitude"},"image":{"@id":"https:\/\/globalattitude.org.br\/en\/#\/schema\/logo\/image\/"},"sameAs":["https:\/\/www.facebook.com\/global.attitude.org\/","https:\/\/x.com\/global_attitude","https:\/\/www.instagram.com\/globalattitude","https:\/\/www.linkedin.com\/company\/global-attitude\/?viewAsMember=true"]},{"@type":"Person","@id":"https:\/\/globalattitude.org.br\/en\/#\/schema\/person\/d2d0edb26129b7407b05aa493af63725","name":"comunicacao","image":{"@type":"ImageObject","inLanguage":"en-US","@id":"https:\/\/secure.gravatar.com\/avatar\/a25dbef6d352d1355e632d9629c19165ddb3e176cbcb21ee573e3d96d011d16b?s=96&d=mm&r=g","url":"https:\/\/secure.gravatar.com\/avatar\/a25dbef6d352d1355e632d9629c19165ddb3e176cbcb21ee573e3d96d011d16b?s=96&d=mm&r=g","contentUrl":"https:\/\/secure.gravatar.com\/avatar\/a25dbef6d352d1355e632d9629c19165ddb3e176cbcb21ee573e3d96d011d16b?s=96&d=mm&r=g","caption":"comunicacao"},"url":"https:\/\/globalattitude.org.br\/en\/author\/comunicacao\/"}]}},"_links":{"self":[{"href":"https:\/\/globalattitude.org.br\/en\/wp-json\/wp\/v2\/posts\/8692","targetHints":{"allow":["GET"]}}],"collection":[{"href":"https:\/\/globalattitude.org.br\/en\/wp-json\/wp\/v2\/posts"}],"about":[{"href":"https:\/\/globalattitude.org.br\/en\/wp-json\/wp\/v2\/types\/post"}],"author":[{"embeddable":true,"href":"https:\/\/globalattitude.org.br\/en\/wp-json\/wp\/v2\/users\/4"}],"replies":[{"embeddable":true,"href":"https:\/\/globalattitude.org.br\/en\/wp-json\/wp\/v2\/comments?post=8692"}],"version-history":[{"count":4,"href":"https:\/\/globalattitude.org.br\/en\/wp-json\/wp\/v2\/posts\/8692\/revisions"}],"predecessor-version":[{"id":9071,"href":"https:\/\/globalattitude.org.br\/en\/wp-json\/wp\/v2\/posts\/8692\/revisions\/9071"}],"wp:attachment":[{"href":"https:\/\/globalattitude.org.br\/en\/wp-json\/wp\/v2\/media?parent=8692"}],"wp:term":[{"taxonomy":"category","embeddable":true,"href":"https:\/\/globalattitude.org.br\/en\/wp-json\/wp\/v2\/categories?post=8692"},{"taxonomy":"post_tag","embeddable":true,"href":"https:\/\/globalattitude.org.br\/en\/wp-json\/wp\/v2\/tags?post=8692"}],"curies":[{"name":"wp","href":"https:\/\/api.w.org\/{rel}","templated":true}]}}