{"id":8841,"date":"2024-08-14T14:16:29","date_gmt":"2024-08-14T17:16:29","guid":{"rendered":"https:\/\/globalattitude.org.br\/?p=8841"},"modified":"2024-08-19T13:52:23","modified_gmt":"2024-08-19T16:52:23","slug":"projeto-escola-de-lideres-e-fabrica-criativa-e-inaugurado-em-varias-cidades-do-brasil","status":"publish","type":"post","link":"https:\/\/globalattitude.org.br\/en\/projeto-escola-de-lideres-e-fabrica-criativa-e-inaugurado-em-varias-cidades-do-brasil\/","title":{"rendered":"Projeto Escola de L\u00edderes e F\u00e1brica Criativa \u00e9 inaugurado em v\u00e1rias cidades do Brasil"},"content":{"rendered":"<p>Realizado pelo Instituto Global Attitude, os programas t\u00eam por objetivo desenvolver habilidades cidad\u00e3s e capacitar os jovens para o mercado de trabalho.<\/p>\n<p>Por Braiam Resende \u2014 IGA SP \u2014 S\u00e3o Paulo 14\/08\/2024 14h15 Atualizado h\u00e1 08 minutos<\/p>\n<p>O Programa Escola de L\u00edderes e F\u00e1brica Criativa abriu as portas para centenas de alunos em diversas cidades pelo Brasil, promovendo uma verdadeira revolu\u00e7\u00e3o na educa\u00e7\u00e3o, abordando temas essenciais para a lideran\u00e7a, gest\u00e3o e cidadania, para jovens de 18 a 29 anos. Trata-se de um projeto in\u00e9dito que o Instituto Global Attitude realiza em conjunto com um grupo de parlamentares e o programa Projovem Trabalhador, do Minist\u00e9rio do Trabalho, do Governo Federal. Essas parcerias s\u00e3o fundamentais para proporcionar aos participantes uma experi\u00eancia enriquecedora e alinhada \u00e0s necessidades da vida.<\/p>\n<p>O curso \u00e9 estruturado em m\u00f3dulos, como projeto de vida e carreira, mundo do trabalho, racioc\u00ednio l\u00f3gico, comunica\u00e7\u00e3o oral, escrita e educa\u00e7\u00e3o midi\u00e1tica, elabora\u00e7\u00e3o de projetos de auxiliar de escrit\u00f3rio, prepara\u00e7\u00e3o para o mundo do trabalho e lideran\u00e7a comunit\u00e1ria.\u00a0Cada componente curricular \u00e9 projetado para preparar o estudante para liderar equipes e ser protagonista de projetos transformadores, de forma eficaz e respons\u00e1vel.<\/p>\n<p>As aulas foram ministradas em Guaianases, Zona Leste de S\u00e3o Paulo, em Belo Horizonte e Juiz de Fora, em Minas Gerais, em S\u00e3o Lu\u00eds e Colinas, no Maranh\u00e3o, em Recife, em Pernambuco e em Ceil\u00e2ndia, no Distrito Federal:<\/p>\n<h2>\ud83d\udccdGuaianases, em S\u00e3o Paulo:<\/h2>\n<p>As baixas temperaturas do dia mais frio na capital paulista, com os term\u00f4metros beirando os 7\u00b0C, foi capaz de assustar os alunos que chegaram na escola Emef Madre Joana Ang\u00e9lica de Jesus.<\/p>\n<h2>\ud83d\udccdBelo Horizonte, Minas Gerais:<\/h2>\n<p>Na terra do p\u00e3o de queijo, as aulas foram ministradas com muito entusiasmo, sob o olhar atento de diversos alunos, na escola Neur\u00f4nio estudos e cursos preparat\u00f3rios.<\/p>\n<h2>\ud83d\udccdJuiz de Fora, Minas Gerais:<\/h2>\n<p>Enquanto milhares de pessoas regressavam rumo suas casas, jovens seguiam o caminho da Escola Municipal Engenheiro Andr\u00e9 Rebou\u00e7as, onde foram bem recebidos neste primeiro dia de aula.<\/p>\n<h2>\ud83d\udccdS\u00e3o Lu\u00eds e Colinas, Maranh\u00e3o:<\/h2>\n<p>Os estudantes de S\u00e3o Lu\u00eds e Colinas acordaram animados para a aula inaugural, que aconteceu na Escola Crist\u00e3 Evang\u00e9lica Betel.<\/p>\n<h2>\ud83d\udccdOlinda, Pernambuco:<\/h2>\n<p>A paralisa\u00e7\u00e3o dos rodovi\u00e1rios causou engarrafamentos, filas gigantescas em terminais de \u00f4nibus e muita confus\u00e3o. Este era o cen\u00e1rio que estava instaurado no primeiro dia de aula, mas, mesmo assim, os egressos do curso Escola de L\u00edderes foram \u00e0 Escola Grupo Comunidade Assumindo suas crian\u00e7as GCASC.<\/p>\n<h2>\ud83d\udccdCeil\u00e2ndia, Distrito Federal:<\/h2>\n<p>Muito animados para a aula, os alunos foram recebidos pelos professores da escola CEM 02, para um momento em que se renovam as expectativas para o ano letivo que se inicia e para uma jornada de descobertas.<\/p>\n<h2>Inscri\u00e7\u00f5es:<\/h2>\n<p>Ainda h\u00e1 tempo para se inscrever na Escola de L\u00edderes e F\u00e1brica Criativa e transformar sua vida, impactando positivamente sua comunidade. As inscri\u00e7\u00f5es est\u00e3o abertas e podem ser realizadas atrav\u00e9s da p\u00e1gina oficial do <a href=\"https:\/\/iga.globalattitude.org.br\/escola-de-lideres\">Escola de L\u00edderes<\/a> e do <a href=\"https:\/\/iga.globalattitude.org.br\/fabrica-criativa\">F\u00e1brica Criativa.<\/a><\/p>\n<h2><strong>+ conte\u00fados: veja a galeria de fotos<\/strong><\/h2>\n\n\t\t<style type=\"text\/css\">\n\t\t\t#gallery-1 {\n\t\t\t\tmargin: auto;\n\t\t\t}\n\t\t\t#gallery-1 .gallery-item {\n\t\t\t\tfloat: left;\n\t\t\t\tmargin-top: 10px;\n\t\t\t\ttext-align: center;\n\t\t\t\twidth: 33%;\n\t\t\t}\n\t\t\t#gallery-1 img {\n\t\t\t\tborder: 2px solid #cfcfcf;\n\t\t\t}\n\t\t\t#gallery-1 .gallery-caption {\n\t\t\t\tmargin-left: 0;\n\t\t\t}\n\t\t\t\/* see gallery_shortcode() in wp-includes\/media.php *\/\n\t\t<\/style>\n\t\t<div id='gallery-1' class='gallery galleryid-8841 gallery-columns-3 gallery-size-medium'><dl class='gallery-item'>\n\t\t\t<dt class='gallery-icon landscape'>\n\t\t\t\t<a href='https:\/\/globalattitude.org.br\/en\/colinas-2\/'><img fetchpriority=\"high\" decoding=\"async\" width=\"300\" height=\"225\" src=\"https:\/\/globalattitude.org.br\/wp-content\/uploads\/2024\/08\/COLINAS-300x225.jpeg\" class=\"attachment-medium size-medium\" alt=\"\" aria-describedby=\"gallery-1-8848\" srcset=\"https:\/\/globalattitude.org.br\/wp-content\/uploads\/2024\/08\/COLINAS-300x225.jpeg 300w, https:\/\/globalattitude.org.br\/wp-content\/uploads\/2024\/08\/COLINAS-1024x768.jpeg 1024w, https:\/\/globalattitude.org.br\/wp-content\/uploads\/2024\/08\/COLINAS-768x576.jpeg 768w, https:\/\/globalattitude.org.br\/wp-content\/uploads\/2024\/08\/COLINAS-1536x1152.jpeg 1536w, https:\/\/globalattitude.org.br\/wp-content\/uploads\/2024\/08\/COLINAS-180x135.jpeg 180w, https:\/\/globalattitude.org.br\/wp-content\/uploads\/2024\/08\/COLINAS-240x180.jpeg 240w, https:\/\/globalattitude.org.br\/wp-content\/uploads\/2024\/08\/COLINAS-1200x900.jpeg 1200w, https:\/\/globalattitude.org.br\/wp-content\/uploads\/2024\/08\/COLINAS.jpeg 1600w\" sizes=\"(max-width: 300px) 100vw, 300px\" \/><\/a>\n\t\t\t<\/dt>\n\t\t\t\t<dd class='wp-caption-text gallery-caption' id='gallery-1-8848'>\n\t\t\t\tColinas \u2013 MA\n\t\t\t\t<\/dd><\/dl><dl class='gallery-item'>\n\t\t\t<dt class='gallery-icon landscape'>\n\t\t\t\t<a href='https:\/\/globalattitude.org.br\/en\/ceilandia-2\/'><img decoding=\"async\" width=\"300\" height=\"225\" src=\"https:\/\/globalattitude.org.br\/wp-content\/uploads\/2024\/08\/CEILANDIA-300x225.jpeg\" class=\"attachment-medium size-medium\" alt=\"\" aria-describedby=\"gallery-1-8854\" srcset=\"https:\/\/globalattitude.org.br\/wp-content\/uploads\/2024\/08\/CEILANDIA-300x225.jpeg 300w, https:\/\/globalattitude.org.br\/wp-content\/uploads\/2024\/08\/CEILANDIA-1024x768.jpeg 1024w, https:\/\/globalattitude.org.br\/wp-content\/uploads\/2024\/08\/CEILANDIA-768x576.jpeg 768w, https:\/\/globalattitude.org.br\/wp-content\/uploads\/2024\/08\/CEILANDIA-1536x1152.jpeg 1536w, https:\/\/globalattitude.org.br\/wp-content\/uploads\/2024\/08\/CEILANDIA-180x135.jpeg 180w, https:\/\/globalattitude.org.br\/wp-content\/uploads\/2024\/08\/CEILANDIA-240x180.jpeg 240w, https:\/\/globalattitude.org.br\/wp-content\/uploads\/2024\/08\/CEILANDIA-1200x900.jpeg 1200w, https:\/\/globalattitude.org.br\/wp-content\/uploads\/2024\/08\/CEILANDIA.jpeg 1600w\" sizes=\"(max-width: 300px) 100vw, 300px\" \/><\/a>\n\t\t\t<\/dt>\n\t\t\t\t<dd class='wp-caption-text gallery-caption' id='gallery-1-8854'>\n\t\t\t\tCeil\u00e2ndia &#8211; DF\n\t\t\t\t<\/dd><\/dl><dl class='gallery-item'>\n\t\t\t<dt class='gallery-icon landscape'>\n\t\t\t\t<a href='https:\/\/globalattitude.org.br\/en\/belo-horizonte-2\/'><img decoding=\"async\" width=\"300\" height=\"225\" src=\"https:\/\/globalattitude.org.br\/wp-content\/uploads\/2024\/08\/BELO-HORIZONTE-300x225.jpeg\" class=\"attachment-medium size-medium\" alt=\"\" aria-describedby=\"gallery-1-8858\" srcset=\"https:\/\/globalattitude.org.br\/wp-content\/uploads\/2024\/08\/BELO-HORIZONTE-300x225.jpeg 300w, https:\/\/globalattitude.org.br\/wp-content\/uploads\/2024\/08\/BELO-HORIZONTE-1024x768.jpeg 1024w, https:\/\/globalattitude.org.br\/wp-content\/uploads\/2024\/08\/BELO-HORIZONTE-768x576.jpeg 768w, https:\/\/globalattitude.org.br\/wp-content\/uploads\/2024\/08\/BELO-HORIZONTE-1536x1152.jpeg 1536w, https:\/\/globalattitude.org.br\/wp-content\/uploads\/2024\/08\/BELO-HORIZONTE-180x135.jpeg 180w, https:\/\/globalattitude.org.br\/wp-content\/uploads\/2024\/08\/BELO-HORIZONTE-240x180.jpeg 240w, https:\/\/globalattitude.org.br\/wp-content\/uploads\/2024\/08\/BELO-HORIZONTE-1200x900.jpeg 1200w, https:\/\/globalattitude.org.br\/wp-content\/uploads\/2024\/08\/BELO-HORIZONTE.jpeg 1600w\" sizes=\"(max-width: 300px) 100vw, 300px\" \/><\/a>\n\t\t\t<\/dt>\n\t\t\t\t<dd class='wp-caption-text gallery-caption' id='gallery-1-8858'>\n\t\t\t\tBelo Horizonte &#8211; MG \n\t\t\t\t<\/dd><\/dl><br style=\"clear: both\" \/><dl class='gallery-item'>\n\t\t\t<dt class='gallery-icon landscape'>\n\t\t\t\t<a href='https:\/\/globalattitude.org.br\/en\/juiz-de-fora-2\/'><img loading=\"lazy\" decoding=\"async\" width=\"300\" height=\"226\" src=\"https:\/\/globalattitude.org.br\/wp-content\/uploads\/2024\/08\/JUIZ-DE-FORA-300x226.jpeg\" class=\"attachment-medium size-medium\" alt=\"\" aria-describedby=\"gallery-1-8860\" srcset=\"https:\/\/globalattitude.org.br\/wp-content\/uploads\/2024\/08\/JUIZ-DE-FORA-300x226.jpeg 300w, https:\/\/globalattitude.org.br\/wp-content\/uploads\/2024\/08\/JUIZ-DE-FORA-1024x770.jpeg 1024w, https:\/\/globalattitude.org.br\/wp-content\/uploads\/2024\/08\/JUIZ-DE-FORA-768x578.jpeg 768w, https:\/\/globalattitude.org.br\/wp-content\/uploads\/2024\/08\/JUIZ-DE-FORA-180x135.jpeg 180w, https:\/\/globalattitude.org.br\/wp-content\/uploads\/2024\/08\/JUIZ-DE-FORA-239x180.jpeg 239w, https:\/\/globalattitude.org.br\/wp-content\/uploads\/2024\/08\/JUIZ-DE-FORA-1200x903.jpeg 1200w, https:\/\/globalattitude.org.br\/wp-content\/uploads\/2024\/08\/JUIZ-DE-FORA.jpeg 1280w\" sizes=\"(max-width: 300px) 100vw, 300px\" \/><\/a>\n\t\t\t<\/dt>\n\t\t\t\t<dd class='wp-caption-text gallery-caption' id='gallery-1-8860'>\n\t\t\t\tBelo Horizonte &#8211; MG \n\t\t\t\t<\/dd><\/dl><dl class='gallery-item'>\n\t\t\t<dt class='gallery-icon landscape'>\n\t\t\t\t<a href='https:\/\/globalattitude.org.br\/en\/sao-luiz-maranhao-2-2\/'><img loading=\"lazy\" decoding=\"async\" width=\"300\" height=\"225\" src=\"https:\/\/globalattitude.org.br\/wp-content\/uploads\/2024\/08\/SAO-LUIZ-MARANHAO-1-300x225.jpeg\" class=\"attachment-medium size-medium\" alt=\"\" aria-describedby=\"gallery-1-8862\" srcset=\"https:\/\/globalattitude.org.br\/wp-content\/uploads\/2024\/08\/SAO-LUIZ-MARANHAO-1-300x225.jpeg 300w, https:\/\/globalattitude.org.br\/wp-content\/uploads\/2024\/08\/SAO-LUIZ-MARANHAO-1-1024x768.jpeg 1024w, https:\/\/globalattitude.org.br\/wp-content\/uploads\/2024\/08\/SAO-LUIZ-MARANHAO-1-768x576.jpeg 768w, https:\/\/globalattitude.org.br\/wp-content\/uploads\/2024\/08\/SAO-LUIZ-MARANHAO-1-180x135.jpeg 180w, https:\/\/globalattitude.org.br\/wp-content\/uploads\/2024\/08\/SAO-LUIZ-MARANHAO-1-240x180.jpeg 240w, https:\/\/globalattitude.org.br\/wp-content\/uploads\/2024\/08\/SAO-LUIZ-MARANHAO-1-1200x900.jpeg 1200w, https:\/\/globalattitude.org.br\/wp-content\/uploads\/2024\/08\/SAO-LUIZ-MARANHAO-1.jpeg 1280w\" sizes=\"(max-width: 300px) 100vw, 300px\" \/><\/a>\n\t\t\t<\/dt>\n\t\t\t\t<dd class='wp-caption-text gallery-caption' id='gallery-1-8862'>\n\t\t\t\tS\u00e3o Lu\u00eds &#8211; MA\n\t\t\t\t<\/dd><\/dl><dl class='gallery-item'>\n\t\t\t<dt class='gallery-icon landscape'>\n\t\t\t\t<a href='https:\/\/globalattitude.org.br\/en\/guaianases-2\/'><img loading=\"lazy\" decoding=\"async\" width=\"300\" height=\"169\" src=\"https:\/\/globalattitude.org.br\/wp-content\/uploads\/2024\/08\/GUAIANASES-300x169.jpeg\" class=\"attachment-medium size-medium\" alt=\"\" aria-describedby=\"gallery-1-8856\" srcset=\"https:\/\/globalattitude.org.br\/wp-content\/uploads\/2024\/08\/GUAIANASES-300x169.jpeg 300w, https:\/\/globalattitude.org.br\/wp-content\/uploads\/2024\/08\/GUAIANASES-1024x576.jpeg 1024w, https:\/\/globalattitude.org.br\/wp-content\/uploads\/2024\/08\/GUAIANASES-768x432.jpeg 768w, https:\/\/globalattitude.org.br\/wp-content\/uploads\/2024\/08\/GUAIANASES-1536x864.jpeg 1536w, https:\/\/globalattitude.org.br\/wp-content\/uploads\/2024\/08\/GUAIANASES-180x101.jpeg 180w, https:\/\/globalattitude.org.br\/wp-content\/uploads\/2024\/08\/GUAIANASES-320x180.jpeg 320w, https:\/\/globalattitude.org.br\/wp-content\/uploads\/2024\/08\/GUAIANASES-1200x675.jpeg 1200w, https:\/\/globalattitude.org.br\/wp-content\/uploads\/2024\/08\/GUAIANASES.jpeg 1600w\" sizes=\"(max-width: 300px) 100vw, 300px\" \/><\/a>\n\t\t\t<\/dt>\n\t\t\t\t<dd class='wp-caption-text gallery-caption' id='gallery-1-8856'>\n\t\t\t\tGuaianases SP\n\t\t\t\t<\/dd><\/dl><br style=\"clear: both\" \/><dl class='gallery-item'>\n\t\t\t<dt class='gallery-icon landscape'>\n\t\t\t\t<a href='https:\/\/globalattitude.org.br\/en\/recife-2-2\/'><img loading=\"lazy\" decoding=\"async\" width=\"300\" height=\"169\" src=\"https:\/\/globalattitude.org.br\/wp-content\/uploads\/2024\/08\/RECIFE-2-300x169.jpeg\" class=\"attachment-medium size-medium\" alt=\"\" aria-describedby=\"gallery-1-8850\" srcset=\"https:\/\/globalattitude.org.br\/wp-content\/uploads\/2024\/08\/RECIFE-2-300x169.jpeg 300w, https:\/\/globalattitude.org.br\/wp-content\/uploads\/2024\/08\/RECIFE-2-1024x576.jpeg 1024w, https:\/\/globalattitude.org.br\/wp-content\/uploads\/2024\/08\/RECIFE-2-768x432.jpeg 768w, https:\/\/globalattitude.org.br\/wp-content\/uploads\/2024\/08\/RECIFE-2-1536x864.jpeg 1536w, https:\/\/globalattitude.org.br\/wp-content\/uploads\/2024\/08\/RECIFE-2-180x101.jpeg 180w, https:\/\/globalattitude.org.br\/wp-content\/uploads\/2024\/08\/RECIFE-2-320x180.jpeg 320w, https:\/\/globalattitude.org.br\/wp-content\/uploads\/2024\/08\/RECIFE-2-1200x675.jpeg 1200w, https:\/\/globalattitude.org.br\/wp-content\/uploads\/2024\/08\/RECIFE-2.jpeg 1599w\" sizes=\"(max-width: 300px) 100vw, 300px\" \/><\/a>\n\t\t\t<\/dt>\n\t\t\t\t<dd class='wp-caption-text gallery-caption' id='gallery-1-8850'>\n\t\t\t\tOlinda &#8211; PE\n\t\t\t\t<\/dd><\/dl><dl class='gallery-item'>\n\t\t\t<dt class='gallery-icon portrait'>\n\t\t\t\t<a href='https:\/\/globalattitude.org.br\/en\/recife-1-2\/'><img loading=\"lazy\" decoding=\"async\" width=\"225\" height=\"300\" src=\"https:\/\/globalattitude.org.br\/wp-content\/uploads\/2024\/08\/RECIFE-1-225x300.jpeg\" class=\"attachment-medium size-medium\" alt=\"\" aria-describedby=\"gallery-1-8852\" srcset=\"https:\/\/globalattitude.org.br\/wp-content\/uploads\/2024\/08\/RECIFE-1-225x300.jpeg 225w, https:\/\/globalattitude.org.br\/wp-content\/uploads\/2024\/08\/RECIFE-1-768x1024.jpeg 768w, https:\/\/globalattitude.org.br\/wp-content\/uploads\/2024\/08\/RECIFE-1-1152x1536.jpeg 1152w, https:\/\/globalattitude.org.br\/wp-content\/uploads\/2024\/08\/RECIFE-1-135x180.jpeg 135w, https:\/\/globalattitude.org.br\/wp-content\/uploads\/2024\/08\/RECIFE-1-900x1200.jpeg 900w, https:\/\/globalattitude.org.br\/wp-content\/uploads\/2024\/08\/RECIFE-1.jpeg 1200w\" sizes=\"(max-width: 225px) 100vw, 225px\" \/><\/a>\n\t\t\t<\/dt>\n\t\t\t\t<dd class='wp-caption-text gallery-caption' id='gallery-1-8852'>\n\t\t\t\tColinas \u2013 MA\n\t\t\t\t<\/dd><\/dl><dl class='gallery-item'>\n\t\t\t<dt class='gallery-icon portrait'>\n\t\t\t\t<a href='https:\/\/globalattitude.org.br\/en\/colinas-1-2\/'><img loading=\"lazy\" decoding=\"async\" width=\"225\" height=\"300\" src=\"https:\/\/globalattitude.org.br\/wp-content\/uploads\/2024\/08\/COLINAS-1-225x300.jpeg\" class=\"attachment-medium size-medium\" alt=\"\" aria-describedby=\"gallery-1-8846\" srcset=\"https:\/\/globalattitude.org.br\/wp-content\/uploads\/2024\/08\/COLINAS-1-225x300.jpeg 225w, https:\/\/globalattitude.org.br\/wp-content\/uploads\/2024\/08\/COLINAS-1-768x1024.jpeg 768w, https:\/\/globalattitude.org.br\/wp-content\/uploads\/2024\/08\/COLINAS-1-1152x1536.jpeg 1152w, https:\/\/globalattitude.org.br\/wp-content\/uploads\/2024\/08\/COLINAS-1-135x180.jpeg 135w, https:\/\/globalattitude.org.br\/wp-content\/uploads\/2024\/08\/COLINAS-1-900x1200.jpeg 900w, https:\/\/globalattitude.org.br\/wp-content\/uploads\/2024\/08\/COLINAS-1.jpeg 1200w\" sizes=\"(max-width: 225px) 100vw, 225px\" \/><\/a>\n\t\t\t<\/dt>\n\t\t\t\t<dd class='wp-caption-text gallery-caption' id='gallery-1-8846'>\n\t\t\t\tColinas \u2013 MA\n\t\t\t\t<\/dd><\/dl><br style=\"clear: both\" \/>\n\t\t<\/div>\n\n<p>&nbsp;<\/p>\n<p>&nbsp;<\/p>\n<p>&nbsp;<\/p>\n","protected":false},"excerpt":{"rendered":"<p>Realizado pelo Instituto Global Attitude, os programas t\u00eam por objetivo desenvolver habilidades cidad\u00e3s e capacitar os jovens para o mercado de trabalho. Por Braiam Resende \u2014 IGA SP \u2014 S\u00e3o Paulo 14\/08\/2024 14h15 Atualizado h\u00e1 08 minutos O Programa Escola de L\u00edderes e F\u00e1brica Criativa abriu as portas para centenas de alunos em diversas cidades [&hellip;]<\/p>\n","protected":false},"author":4,"featured_media":0,"comment_status":"open","ping_status":"open","sticky":false,"template":"","format":"standard","meta":{"_acf_changed":false,"om_disable_all_campaigns":false,"_monsterinsights_skip_tracking":false,"_monsterinsights_sitenote_active":false,"_monsterinsights_sitenote_note":"","_monsterinsights_sitenote_category":0,"_uf_show_specific_survey":0,"_uf_disable_surveys":false,"footnotes":""},"categories":[360],"tags":[534],"class_list":["post-8841","post","type-post","status-publish","format-standard","hentry","category-noticias","tag-projeto-escola-de-lideres-e-fabrica-criativa-e-inaugurado-em-varias-cidades-do-brasil"],"acf":[],"aioseo_notices":[],"yoast_head":"<!-- This site is optimized with the Yoast SEO plugin v27.5 - https:\/\/yoast.com\/product\/yoast-seo-wordpress\/ -->\n<title>Projeto Escola de L\u00edderes e F\u00e1brica Criativa \u00e9 inaugurado em v\u00e1rias cidades do Brasil - Instituto Global Attitude<\/title>\n<meta name=\"robots\" content=\"index, follow, max-snippet:-1, max-image-preview:large, max-video-preview:-1\" \/>\n<link rel=\"canonical\" href=\"https:\/\/globalattitude.org.br\/projeto-escola-de-lideres-e-fabrica-criativa-e-inaugurado-em-varias-cidades-do-brasil\/\" \/>\n<meta property=\"og:locale\" content=\"en_US\" \/>\n<meta property=\"og:type\" content=\"article\" \/>\n<meta property=\"og:title\" content=\"Projeto Escola de L\u00edderes e F\u00e1brica Criativa \u00e9 inaugurado em v\u00e1rias cidades do Brasil - Instituto Global Attitude\" \/>\n<meta property=\"og:description\" content=\"Realizado pelo Instituto Global Attitude, os programas t\u00eam por objetivo desenvolver habilidades cidad\u00e3s e capacitar os jovens para o mercado de trabalho. Por Braiam Resende \u2014 IGA SP \u2014 S\u00e3o Paulo 14\/08\/2024 14h15 Atualizado h\u00e1 08 minutos O Programa Escola de L\u00edderes e F\u00e1brica Criativa abriu as portas para centenas de alunos em diversas cidades [&hellip;]\" \/>\n<meta property=\"og:url\" content=\"https:\/\/globalattitude.org.br\/projeto-escola-de-lideres-e-fabrica-criativa-e-inaugurado-em-varias-cidades-do-brasil\/\" \/>\n<meta property=\"og:site_name\" content=\"Instituto Global Attitude\" \/>\n<meta property=\"article:publisher\" content=\"https:\/\/www.facebook.com\/global.attitude.org\/\" \/>\n<meta property=\"article:published_time\" content=\"2024-08-14T17:16:29+00:00\" \/>\n<meta property=\"article:modified_time\" content=\"2024-08-19T16:52:23+00:00\" \/>\n<meta property=\"og:image\" content=\"https:\/\/globalattitude.org.br\/wp-content\/uploads\/2024\/08\/COLINAS-300x225.jpeg\" \/>\n<meta name=\"author\" content=\"comunicacao\" \/>\n<meta name=\"twitter:card\" content=\"summary_large_image\" \/>\n<meta name=\"twitter:creator\" content=\"@global_attitude\" \/>\n<meta name=\"twitter:site\" content=\"@global_attitude\" \/>\n<meta name=\"twitter:label1\" content=\"Written by\" \/>\n\t<meta name=\"twitter:data1\" content=\"comunicacao\" \/>\n\t<meta name=\"twitter:label2\" content=\"Est. reading time\" \/>\n\t<meta name=\"twitter:data2\" content=\"3 minutes\" \/>\n<script type=\"application\/ld+json\" class=\"yoast-schema-graph\">{\"@context\":\"https:\\\/\\\/schema.org\",\"@graph\":[{\"@type\":[\"Article\",\"BlogPosting\"],\"@id\":\"https:\\\/\\\/globalattitude.org.br\\\/projeto-escola-de-lideres-e-fabrica-criativa-e-inaugurado-em-varias-cidades-do-brasil\\\/#article\",\"isPartOf\":{\"@id\":\"https:\\\/\\\/globalattitude.org.br\\\/projeto-escola-de-lideres-e-fabrica-criativa-e-inaugurado-em-varias-cidades-do-brasil\\\/\"},\"author\":{\"name\":\"comunicacao\",\"@id\":\"https:\\\/\\\/globalattitude.org.br\\\/en\\\/#\\\/schema\\\/person\\\/d2d0edb26129b7407b05aa493af63725\"},\"headline\":\"Projeto Escola de L\u00edderes e F\u00e1brica Criativa \u00e9 inaugurado em v\u00e1rias cidades do Brasil\",\"datePublished\":\"2024-08-14T17:16:29+00:00\",\"dateModified\":\"2024-08-19T16:52:23+00:00\",\"mainEntityOfPage\":{\"@id\":\"https:\\\/\\\/globalattitude.org.br\\\/projeto-escola-de-lideres-e-fabrica-criativa-e-inaugurado-em-varias-cidades-do-brasil\\\/\"},\"wordCount\":559,\"commentCount\":0,\"publisher\":{\"@id\":\"https:\\\/\\\/globalattitude.org.br\\\/en\\\/#organization\"},\"keywords\":[\"Projeto Escola de L\u00edderes e F\u00e1brica Criativa \u00e9 inaugurado em v\u00e1rias cidades do Brasil\"],\"articleSection\":[\"Not\u00edcias\"],\"inLanguage\":\"en-US\",\"potentialAction\":[{\"@type\":\"CommentAction\",\"name\":\"Comment\",\"target\":[\"https:\\\/\\\/globalattitude.org.br\\\/projeto-escola-de-lideres-e-fabrica-criativa-e-inaugurado-em-varias-cidades-do-brasil\\\/#respond\"]}]},{\"@type\":\"WebPage\",\"@id\":\"https:\\\/\\\/globalattitude.org.br\\\/projeto-escola-de-lideres-e-fabrica-criativa-e-inaugurado-em-varias-cidades-do-brasil\\\/\",\"url\":\"https:\\\/\\\/globalattitude.org.br\\\/projeto-escola-de-lideres-e-fabrica-criativa-e-inaugurado-em-varias-cidades-do-brasil\\\/\",\"name\":\"Projeto Escola de L\u00edderes e F\u00e1brica Criativa \u00e9 inaugurado em v\u00e1rias cidades do Brasil - Instituto Global Attitude\",\"isPartOf\":{\"@id\":\"https:\\\/\\\/globalattitude.org.br\\\/en\\\/#website\"},\"datePublished\":\"2024-08-14T17:16:29+00:00\",\"dateModified\":\"2024-08-19T16:52:23+00:00\",\"breadcrumb\":{\"@id\":\"https:\\\/\\\/globalattitude.org.br\\\/projeto-escola-de-lideres-e-fabrica-criativa-e-inaugurado-em-varias-cidades-do-brasil\\\/#breadcrumb\"},\"inLanguage\":\"en-US\",\"potentialAction\":[{\"@type\":\"ReadAction\",\"target\":[\"https:\\\/\\\/globalattitude.org.br\\\/projeto-escola-de-lideres-e-fabrica-criativa-e-inaugurado-em-varias-cidades-do-brasil\\\/\"]}]},{\"@type\":\"BreadcrumbList\",\"@id\":\"https:\\\/\\\/globalattitude.org.br\\\/projeto-escola-de-lideres-e-fabrica-criativa-e-inaugurado-em-varias-cidades-do-brasil\\\/#breadcrumb\",\"itemListElement\":[{\"@type\":\"ListItem\",\"position\":1,\"name\":\"In\u00edcio\",\"item\":\"https:\\\/\\\/globalattitude.org.br\\\/en\\\/\"},{\"@type\":\"ListItem\",\"position\":2,\"name\":\"Projeto Escola de L\u00edderes e F\u00e1brica Criativa \u00e9 inaugurado em v\u00e1rias cidades do Brasil\"}]},{\"@type\":\"WebSite\",\"@id\":\"https:\\\/\\\/globalattitude.org.br\\\/en\\\/#website\",\"url\":\"https:\\\/\\\/globalattitude.org.br\\\/en\\\/\",\"name\":\"Instituto Global Attitude\",\"description\":\"\",\"publisher\":{\"@id\":\"https:\\\/\\\/globalattitude.org.br\\\/en\\\/#organization\"},\"potentialAction\":[{\"@type\":\"SearchAction\",\"target\":{\"@type\":\"EntryPoint\",\"urlTemplate\":\"https:\\\/\\\/globalattitude.org.br\\\/en\\\/?s={search_term_string}\"},\"query-input\":{\"@type\":\"PropertyValueSpecification\",\"valueRequired\":true,\"valueName\":\"search_term_string\"}}],\"inLanguage\":\"en-US\"},{\"@type\":\"Organization\",\"@id\":\"https:\\\/\\\/globalattitude.org.br\\\/en\\\/#organization\",\"name\":\"Instituto Global Attitude\",\"url\":\"https:\\\/\\\/globalattitude.org.br\\\/en\\\/\",\"logo\":{\"@type\":\"ImageObject\",\"inLanguage\":\"en-US\",\"@id\":\"https:\\\/\\\/globalattitude.org.br\\\/en\\\/#\\\/schema\\\/logo\\\/image\\\/\",\"url\":\"https:\\\/\\\/globalattitude.org.br\\\/wp-content\\\/uploads\\\/2023\\\/01\\\/instituto-global-attitude-color.png\",\"contentUrl\":\"https:\\\/\\\/globalattitude.org.br\\\/wp-content\\\/uploads\\\/2023\\\/01\\\/instituto-global-attitude-color.png\",\"width\":300,\"height\":131,\"caption\":\"Instituto Global Attitude\"},\"image\":{\"@id\":\"https:\\\/\\\/globalattitude.org.br\\\/en\\\/#\\\/schema\\\/logo\\\/image\\\/\"},\"sameAs\":[\"https:\\\/\\\/www.facebook.com\\\/global.attitude.org\\\/\",\"https:\\\/\\\/x.com\\\/global_attitude\",\"https:\\\/\\\/www.instagram.com\\\/globalattitude\",\"https:\\\/\\\/www.linkedin.com\\\/company\\\/global-attitude\\\/?viewAsMember=true\"]},{\"@type\":\"Person\",\"@id\":\"https:\\\/\\\/globalattitude.org.br\\\/en\\\/#\\\/schema\\\/person\\\/d2d0edb26129b7407b05aa493af63725\",\"name\":\"comunicacao\",\"image\":{\"@type\":\"ImageObject\",\"inLanguage\":\"en-US\",\"@id\":\"https:\\\/\\\/secure.gravatar.com\\\/avatar\\\/a25dbef6d352d1355e632d9629c19165ddb3e176cbcb21ee573e3d96d011d16b?s=96&d=mm&r=g\",\"url\":\"https:\\\/\\\/secure.gravatar.com\\\/avatar\\\/a25dbef6d352d1355e632d9629c19165ddb3e176cbcb21ee573e3d96d011d16b?s=96&d=mm&r=g\",\"contentUrl\":\"https:\\\/\\\/secure.gravatar.com\\\/avatar\\\/a25dbef6d352d1355e632d9629c19165ddb3e176cbcb21ee573e3d96d011d16b?s=96&d=mm&r=g\",\"caption\":\"comunicacao\"},\"url\":\"https:\\\/\\\/globalattitude.org.br\\\/en\\\/author\\\/comunicacao\\\/\"}]}<\/script>\n<!-- \/ Yoast SEO plugin. -->","yoast_head_json":{"title":"Projeto Escola de L\u00edderes e F\u00e1brica Criativa \u00e9 inaugurado em v\u00e1rias cidades do Brasil - Instituto Global Attitude","robots":{"index":"index","follow":"follow","max-snippet":"max-snippet:-1","max-image-preview":"max-image-preview:large","max-video-preview":"max-video-preview:-1"},"canonical":"https:\/\/globalattitude.org.br\/projeto-escola-de-lideres-e-fabrica-criativa-e-inaugurado-em-varias-cidades-do-brasil\/","og_locale":"en_US","og_type":"article","og_title":"Projeto Escola de L\u00edderes e F\u00e1brica Criativa \u00e9 inaugurado em v\u00e1rias cidades do Brasil - Instituto Global Attitude","og_description":"Realizado pelo Instituto Global Attitude, os programas t\u00eam por objetivo desenvolver habilidades cidad\u00e3s e capacitar os jovens para o mercado de trabalho. Por Braiam Resende \u2014 IGA SP \u2014 S\u00e3o Paulo 14\/08\/2024 14h15 Atualizado h\u00e1 08 minutos O Programa Escola de L\u00edderes e F\u00e1brica Criativa abriu as portas para centenas de alunos em diversas cidades [&hellip;]","og_url":"https:\/\/globalattitude.org.br\/projeto-escola-de-lideres-e-fabrica-criativa-e-inaugurado-em-varias-cidades-do-brasil\/","og_site_name":"Instituto Global Attitude","article_publisher":"https:\/\/www.facebook.com\/global.attitude.org\/","article_published_time":"2024-08-14T17:16:29+00:00","article_modified_time":"2024-08-19T16:52:23+00:00","og_image":[{"url":"https:\/\/globalattitude.org.br\/wp-content\/uploads\/2024\/08\/COLINAS-300x225.jpeg","type":"","width":"","height":""}],"author":"comunicacao","twitter_card":"summary_large_image","twitter_creator":"@global_attitude","twitter_site":"@global_attitude","twitter_misc":{"Written by":"comunicacao","Est. reading time":"3 minutes"},"schema":{"@context":"https:\/\/schema.org","@graph":[{"@type":["Article","BlogPosting"],"@id":"https:\/\/globalattitude.org.br\/projeto-escola-de-lideres-e-fabrica-criativa-e-inaugurado-em-varias-cidades-do-brasil\/#article","isPartOf":{"@id":"https:\/\/globalattitude.org.br\/projeto-escola-de-lideres-e-fabrica-criativa-e-inaugurado-em-varias-cidades-do-brasil\/"},"author":{"name":"comunicacao","@id":"https:\/\/globalattitude.org.br\/en\/#\/schema\/person\/d2d0edb26129b7407b05aa493af63725"},"headline":"Projeto Escola de L\u00edderes e F\u00e1brica Criativa \u00e9 inaugurado em v\u00e1rias cidades do Brasil","datePublished":"2024-08-14T17:16:29+00:00","dateModified":"2024-08-19T16:52:23+00:00","mainEntityOfPage":{"@id":"https:\/\/globalattitude.org.br\/projeto-escola-de-lideres-e-fabrica-criativa-e-inaugurado-em-varias-cidades-do-brasil\/"},"wordCount":559,"commentCount":0,"publisher":{"@id":"https:\/\/globalattitude.org.br\/en\/#organization"},"keywords":["Projeto Escola de L\u00edderes e F\u00e1brica Criativa \u00e9 inaugurado em v\u00e1rias cidades do Brasil"],"articleSection":["Not\u00edcias"],"inLanguage":"en-US","potentialAction":[{"@type":"CommentAction","name":"Comment","target":["https:\/\/globalattitude.org.br\/projeto-escola-de-lideres-e-fabrica-criativa-e-inaugurado-em-varias-cidades-do-brasil\/#respond"]}]},{"@type":"WebPage","@id":"https:\/\/globalattitude.org.br\/projeto-escola-de-lideres-e-fabrica-criativa-e-inaugurado-em-varias-cidades-do-brasil\/","url":"https:\/\/globalattitude.org.br\/projeto-escola-de-lideres-e-fabrica-criativa-e-inaugurado-em-varias-cidades-do-brasil\/","name":"Projeto Escola de L\u00edderes e F\u00e1brica Criativa \u00e9 inaugurado em v\u00e1rias cidades do Brasil - Instituto Global Attitude","isPartOf":{"@id":"https:\/\/globalattitude.org.br\/en\/#website"},"datePublished":"2024-08-14T17:16:29+00:00","dateModified":"2024-08-19T16:52:23+00:00","breadcrumb":{"@id":"https:\/\/globalattitude.org.br\/projeto-escola-de-lideres-e-fabrica-criativa-e-inaugurado-em-varias-cidades-do-brasil\/#breadcrumb"},"inLanguage":"en-US","potentialAction":[{"@type":"ReadAction","target":["https:\/\/globalattitude.org.br\/projeto-escola-de-lideres-e-fabrica-criativa-e-inaugurado-em-varias-cidades-do-brasil\/"]}]},{"@type":"BreadcrumbList","@id":"https:\/\/globalattitude.org.br\/projeto-escola-de-lideres-e-fabrica-criativa-e-inaugurado-em-varias-cidades-do-brasil\/#breadcrumb","itemListElement":[{"@type":"ListItem","position":1,"name":"In\u00edcio","item":"https:\/\/globalattitude.org.br\/en\/"},{"@type":"ListItem","position":2,"name":"Projeto Escola de L\u00edderes e F\u00e1brica Criativa \u00e9 inaugurado em v\u00e1rias cidades do Brasil"}]},{"@type":"WebSite","@id":"https:\/\/globalattitude.org.br\/en\/#website","url":"https:\/\/globalattitude.org.br\/en\/","name":"Instituto Global Attitude","description":"","publisher":{"@id":"https:\/\/globalattitude.org.br\/en\/#organization"},"potentialAction":[{"@type":"SearchAction","target":{"@type":"EntryPoint","urlTemplate":"https:\/\/globalattitude.org.br\/en\/?s={search_term_string}"},"query-input":{"@type":"PropertyValueSpecification","valueRequired":true,"valueName":"search_term_string"}}],"inLanguage":"en-US"},{"@type":"Organization","@id":"https:\/\/globalattitude.org.br\/en\/#organization","name":"Instituto Global Attitude","url":"https:\/\/globalattitude.org.br\/en\/","logo":{"@type":"ImageObject","inLanguage":"en-US","@id":"https:\/\/globalattitude.org.br\/en\/#\/schema\/logo\/image\/","url":"https:\/\/globalattitude.org.br\/wp-content\/uploads\/2023\/01\/instituto-global-attitude-color.png","contentUrl":"https:\/\/globalattitude.org.br\/wp-content\/uploads\/2023\/01\/instituto-global-attitude-color.png","width":300,"height":131,"caption":"Instituto Global Attitude"},"image":{"@id":"https:\/\/globalattitude.org.br\/en\/#\/schema\/logo\/image\/"},"sameAs":["https:\/\/www.facebook.com\/global.attitude.org\/","https:\/\/x.com\/global_attitude","https:\/\/www.instagram.com\/globalattitude","https:\/\/www.linkedin.com\/company\/global-attitude\/?viewAsMember=true"]},{"@type":"Person","@id":"https:\/\/globalattitude.org.br\/en\/#\/schema\/person\/d2d0edb26129b7407b05aa493af63725","name":"comunicacao","image":{"@type":"ImageObject","inLanguage":"en-US","@id":"https:\/\/secure.gravatar.com\/avatar\/a25dbef6d352d1355e632d9629c19165ddb3e176cbcb21ee573e3d96d011d16b?s=96&d=mm&r=g","url":"https:\/\/secure.gravatar.com\/avatar\/a25dbef6d352d1355e632d9629c19165ddb3e176cbcb21ee573e3d96d011d16b?s=96&d=mm&r=g","contentUrl":"https:\/\/secure.gravatar.com\/avatar\/a25dbef6d352d1355e632d9629c19165ddb3e176cbcb21ee573e3d96d011d16b?s=96&d=mm&r=g","caption":"comunicacao"},"url":"https:\/\/globalattitude.org.br\/en\/author\/comunicacao\/"}]}},"_links":{"self":[{"href":"https:\/\/globalattitude.org.br\/en\/wp-json\/wp\/v2\/posts\/8841","targetHints":{"allow":["GET"]}}],"collection":[{"href":"https:\/\/globalattitude.org.br\/en\/wp-json\/wp\/v2\/posts"}],"about":[{"href":"https:\/\/globalattitude.org.br\/en\/wp-json\/wp\/v2\/types\/post"}],"author":[{"embeddable":true,"href":"https:\/\/globalattitude.org.br\/en\/wp-json\/wp\/v2\/users\/4"}],"replies":[{"embeddable":true,"href":"https:\/\/globalattitude.org.br\/en\/wp-json\/wp\/v2\/comments?post=8841"}],"version-history":[{"count":8,"href":"https:\/\/globalattitude.org.br\/en\/wp-json\/wp\/v2\/posts\/8841\/revisions"}],"predecessor-version":[{"id":8876,"href":"https:\/\/globalattitude.org.br\/en\/wp-json\/wp\/v2\/posts\/8841\/revisions\/8876"}],"wp:attachment":[{"href":"https:\/\/globalattitude.org.br\/en\/wp-json\/wp\/v2\/media?parent=8841"}],"wp:term":[{"taxonomy":"category","embeddable":true,"href":"https:\/\/globalattitude.org.br\/en\/wp-json\/wp\/v2\/categories?post=8841"},{"taxonomy":"post_tag","embeddable":true,"href":"https:\/\/globalattitude.org.br\/en\/wp-json\/wp\/v2\/tags?post=8841"}],"curies":[{"name":"wp","href":"https:\/\/api.w.org\/{rel}","templated":true}]}}