{"id":8868,"date":"2024-08-19T06:00:50","date_gmt":"2024-08-19T09:00:50","guid":{"rendered":"https:\/\/globalattitude.org.br\/?p=8868"},"modified":"2024-08-16T16:09:40","modified_gmt":"2024-08-16T19:09:40","slug":"dia-da-informatica-estado-de-sp-tem-cursos-gratuitos-e-vagas-de-emprego-na-area","status":"publish","type":"post","link":"https:\/\/globalattitude.org.br\/en\/dia-da-informatica-estado-de-sp-tem-cursos-gratuitos-e-vagas-de-emprego-na-area\/","title":{"rendered":"Dia da Inform\u00e1tica: Estado de SP tem cursos gratuitos e vagas de emprego na \u00e1rea"},"content":{"rendered":"<p>Por Braiam Resende, com informa\u00e7\u00f5es do Governo do Estade de S\u00e3o Paulo \u00a0\u2014 IGA SP \u2014 S\u00e3o Paulo 19\/08\/2024 06h05 Atualizado h\u00e1 15 minutos<\/p>\n<p>Programa Qualifica SP disponibiliza oportunidades gratuitas de qualifica\u00e7\u00e3o profissional para jovens.<\/p>\n<p>Atualmente, os PATs oferecem mais de 18,5 mil vagas de emprego, muitas das quais exigem conhecimentos em inform\u00e1tica.<\/p>\n<p>Celebrado no ultimo dia 15 de agosto, o \u201cDia da Inform\u00e1tica\u201d comemora a evolu\u00e7\u00e3o tecnol\u00f3gica e o impacto transformador que os computadores e a internet trouxeram para a sociedade. No mundo atual, o dom\u00ednio de habilidades em inform\u00e1tica \u00e9 essencial no mercado de trabalho. Reconhecendo essa import\u00e2ncia, a Secretaria de Desenvolvimento Econ\u00f4mico (SDE) do Estado de S\u00e3o Paulo destaca servi\u00e7os de qualifica\u00e7\u00e3o profissional e de vagas de emprego na \u00e1rea.<\/p>\n<p>Segundo o estudo Futuro do Trabalho 2023, elaborado pelo F\u00f3rum Econ\u00f4mico Mundial, 23% das ocupa\u00e7\u00f5es devem se modificar at\u00e9 2027 por conta de novidades tecnol\u00f3gicas como big data e intelig\u00eancia artificial (IA). \u00c9 esperado um crescimento global de 30% para os empregos de analista e cientista de dados; especialista em big data, IA e aprendizagem de m\u00e1quina; e profissionais de seguran\u00e7a cibern\u00e9tica.<\/p>\n<p>Com quatro anos de experi\u00eancia no setor de Tecnologia da Informa\u00e7\u00e3o (TI), Kemal Guedes Barbieri, de 20 anos, morador de Indaiatuba, interior paulista, j\u00e1 est\u00e1 se preparando para essas mudan\u00e7as. \u201cO cen\u00e1rio do Brasil \u00e9 dif\u00edcil, pois envolve muitos fatores. Mas \u00e9 importante ficar de olho nas IAs. Por isso, j\u00e1 comecei a buscar cursos sobre IA e python\u201d, relata Kemal, que conseguiu o atual emprego como t\u00e9cnico de suporte de T.I. por meio do Posto de Atendimento ao Trabalhador (PAT), servi\u00e7o da Secretaria de Desenvolvimento Econ\u00f4mico do Estado de S\u00e3o Paulo.<\/p>\n<h2>Qualificar e empregar<\/h2>\n<p>A SDE tamb\u00e9m oferece o programa Qualifica SP, que disponibiliza oportunidades gratuitas de qualifica\u00e7\u00e3o profissional para jovens e adultos que desejam realizar cursos nas \u00e1reas de inform\u00e1tica e tecnologia, visando ingressar ou retornar ao mercado de trabalho. As inscri\u00e7\u00f5es podem ser feitas pelo site: www.qualificasp.sp.gov.br, no qual tamb\u00e9m \u00e9 poss\u00edvel consultar as modalidades (presencial ou remota), al\u00e9m dos munic\u00edpios participantes.<\/p>\n<p>Atualmente, os PATs oferecem mais de 18,5 mil vagas de emprego, muitas das quais exigem conhecimentos em inform\u00e1tica. Para se candidatar a uma oportunidade, \u00e9 necess\u00e1rio levar RG, CPF e Carteira de Trabalho. Em todo o estado, h\u00e1 mais de 200 unidades dispon\u00edveis. Os endere\u00e7os podem ser consultados em\u00a0<a href=\"https:\/\/www.desenvolvimentoeconomico.sp.gov.br\/pats\">https:\/\/www.desenvolvimentoeconomico.sp.gov.br\/pats<\/a>\/.<\/p>\n","protected":false},"excerpt":{"rendered":"<p>Por Braiam Resende, com informa\u00e7\u00f5es do Governo do Estade de S\u00e3o Paulo \u00a0\u2014 IGA SP \u2014 S\u00e3o Paulo 19\/08\/2024 06h05 Atualizado h\u00e1 15 minutos Programa Qualifica SP disponibiliza oportunidades gratuitas de qualifica\u00e7\u00e3o profissional para jovens. Atualmente, os PATs oferecem mais de 18,5 mil vagas de emprego, muitas das quais exigem conhecimentos em inform\u00e1tica. Celebrado no [&hellip;]<\/p>\n","protected":false},"author":4,"featured_media":0,"comment_status":"open","ping_status":"open","sticky":false,"template":"","format":"standard","meta":{"_acf_changed":false,"om_disable_all_campaigns":false,"_monsterinsights_skip_tracking":false,"_monsterinsights_sitenote_active":false,"_monsterinsights_sitenote_note":"","_monsterinsights_sitenote_category":0,"_uf_show_specific_survey":0,"_uf_disable_surveys":false,"footnotes":""},"categories":[360],"tags":[535],"class_list":["post-8868","post","type-post","status-publish","format-standard","hentry","category-noticias","tag-dia-da-informatica-estado-de-sp-tem-cursos-gratuitos-e-vagas-de-emprego-na-area"],"acf":[],"aioseo_notices":[],"yoast_head":"<!-- This site is optimized with the Yoast SEO plugin v27.5 - https:\/\/yoast.com\/product\/yoast-seo-wordpress\/ -->\n<title>Dia da Inform\u00e1tica: Estado de SP tem cursos gratuitos e vagas de emprego na \u00e1rea - Instituto Global Attitude<\/title>\n<meta name=\"robots\" content=\"index, follow, max-snippet:-1, max-image-preview:large, max-video-preview:-1\" \/>\n<link rel=\"canonical\" href=\"https:\/\/globalattitude.org.br\/en\/dia-da-informatica-estado-de-sp-tem-cursos-gratuitos-e-vagas-de-emprego-na-area\/\" \/>\n<meta property=\"og:locale\" content=\"en_US\" \/>\n<meta property=\"og:type\" content=\"article\" \/>\n<meta property=\"og:title\" content=\"Dia da Inform\u00e1tica: Estado de SP tem cursos gratuitos e vagas de emprego na \u00e1rea - Instituto Global Attitude\" \/>\n<meta property=\"og:description\" content=\"Por Braiam Resende, com informa\u00e7\u00f5es do Governo do Estade de S\u00e3o Paulo \u00a0\u2014 IGA SP \u2014 S\u00e3o Paulo 19\/08\/2024 06h05 Atualizado h\u00e1 15 minutos Programa Qualifica SP disponibiliza oportunidades gratuitas de qualifica\u00e7\u00e3o profissional para jovens. Atualmente, os PATs oferecem mais de 18,5 mil vagas de emprego, muitas das quais exigem conhecimentos em inform\u00e1tica. Celebrado no [&hellip;]\" \/>\n<meta property=\"og:url\" content=\"https:\/\/globalattitude.org.br\/en\/dia-da-informatica-estado-de-sp-tem-cursos-gratuitos-e-vagas-de-emprego-na-area\/\" \/>\n<meta property=\"og:site_name\" content=\"Instituto Global Attitude\" \/>\n<meta property=\"article:publisher\" content=\"https:\/\/www.facebook.com\/global.attitude.org\/\" \/>\n<meta property=\"article:published_time\" content=\"2024-08-19T09:00:50+00:00\" \/>\n<meta name=\"author\" content=\"comunicacao\" \/>\n<meta name=\"twitter:card\" content=\"summary_large_image\" \/>\n<meta name=\"twitter:creator\" content=\"@global_attitude\" \/>\n<meta name=\"twitter:site\" content=\"@global_attitude\" \/>\n<meta name=\"twitter:label1\" content=\"Written by\" \/>\n\t<meta name=\"twitter:data1\" content=\"comunicacao\" \/>\n\t<meta name=\"twitter:label2\" content=\"Est. reading time\" \/>\n\t<meta name=\"twitter:data2\" content=\"3 minutes\" \/>\n<script type=\"application\/ld+json\" class=\"yoast-schema-graph\">{\"@context\":\"https:\\\/\\\/schema.org\",\"@graph\":[{\"@type\":[\"Article\",\"BlogPosting\"],\"@id\":\"https:\\\/\\\/globalattitude.org.br\\\/en\\\/dia-da-informatica-estado-de-sp-tem-cursos-gratuitos-e-vagas-de-emprego-na-area\\\/#article\",\"isPartOf\":{\"@id\":\"https:\\\/\\\/globalattitude.org.br\\\/en\\\/dia-da-informatica-estado-de-sp-tem-cursos-gratuitos-e-vagas-de-emprego-na-area\\\/\"},\"author\":{\"name\":\"comunicacao\",\"@id\":\"https:\\\/\\\/globalattitude.org.br\\\/en\\\/#\\\/schema\\\/person\\\/d2d0edb26129b7407b05aa493af63725\"},\"headline\":\"Dia da Inform\u00e1tica: Estado de SP tem cursos gratuitos e vagas de emprego na \u00e1rea\",\"datePublished\":\"2024-08-19T09:00:50+00:00\",\"mainEntityOfPage\":{\"@id\":\"https:\\\/\\\/globalattitude.org.br\\\/en\\\/dia-da-informatica-estado-de-sp-tem-cursos-gratuitos-e-vagas-de-emprego-na-area\\\/\"},\"wordCount\":442,\"commentCount\":0,\"publisher\":{\"@id\":\"https:\\\/\\\/globalattitude.org.br\\\/en\\\/#organization\"},\"keywords\":[\"Dia da Inform\u00e1tica: Estado de SP tem cursos gratuitos e vagas de emprego na \u00e1rea\"],\"articleSection\":[\"Not\u00edcias\"],\"inLanguage\":\"en-US\",\"potentialAction\":[{\"@type\":\"CommentAction\",\"name\":\"Comment\",\"target\":[\"https:\\\/\\\/globalattitude.org.br\\\/en\\\/dia-da-informatica-estado-de-sp-tem-cursos-gratuitos-e-vagas-de-emprego-na-area\\\/#respond\"]}]},{\"@type\":\"WebPage\",\"@id\":\"https:\\\/\\\/globalattitude.org.br\\\/en\\\/dia-da-informatica-estado-de-sp-tem-cursos-gratuitos-e-vagas-de-emprego-na-area\\\/\",\"url\":\"https:\\\/\\\/globalattitude.org.br\\\/en\\\/dia-da-informatica-estado-de-sp-tem-cursos-gratuitos-e-vagas-de-emprego-na-area\\\/\",\"name\":\"Dia da Inform\u00e1tica: Estado de SP tem cursos gratuitos e vagas de emprego na \u00e1rea - Instituto Global Attitude\",\"isPartOf\":{\"@id\":\"https:\\\/\\\/globalattitude.org.br\\\/en\\\/#website\"},\"datePublished\":\"2024-08-19T09:00:50+00:00\",\"breadcrumb\":{\"@id\":\"https:\\\/\\\/globalattitude.org.br\\\/en\\\/dia-da-informatica-estado-de-sp-tem-cursos-gratuitos-e-vagas-de-emprego-na-area\\\/#breadcrumb\"},\"inLanguage\":\"en-US\",\"potentialAction\":[{\"@type\":\"ReadAction\",\"target\":[\"https:\\\/\\\/globalattitude.org.br\\\/en\\\/dia-da-informatica-estado-de-sp-tem-cursos-gratuitos-e-vagas-de-emprego-na-area\\\/\"]}]},{\"@type\":\"BreadcrumbList\",\"@id\":\"https:\\\/\\\/globalattitude.org.br\\\/en\\\/dia-da-informatica-estado-de-sp-tem-cursos-gratuitos-e-vagas-de-emprego-na-area\\\/#breadcrumb\",\"itemListElement\":[{\"@type\":\"ListItem\",\"position\":1,\"name\":\"In\u00edcio\",\"item\":\"https:\\\/\\\/globalattitude.org.br\\\/en\\\/\"},{\"@type\":\"ListItem\",\"position\":2,\"name\":\"Dia da Inform\u00e1tica: Estado de SP tem cursos gratuitos e vagas de emprego na \u00e1rea\"}]},{\"@type\":\"WebSite\",\"@id\":\"https:\\\/\\\/globalattitude.org.br\\\/en\\\/#website\",\"url\":\"https:\\\/\\\/globalattitude.org.br\\\/en\\\/\",\"name\":\"Instituto Global Attitude\",\"description\":\"\",\"publisher\":{\"@id\":\"https:\\\/\\\/globalattitude.org.br\\\/en\\\/#organization\"},\"potentialAction\":[{\"@type\":\"SearchAction\",\"target\":{\"@type\":\"EntryPoint\",\"urlTemplate\":\"https:\\\/\\\/globalattitude.org.br\\\/en\\\/?s={search_term_string}\"},\"query-input\":{\"@type\":\"PropertyValueSpecification\",\"valueRequired\":true,\"valueName\":\"search_term_string\"}}],\"inLanguage\":\"en-US\"},{\"@type\":\"Organization\",\"@id\":\"https:\\\/\\\/globalattitude.org.br\\\/en\\\/#organization\",\"name\":\"Instituto Global Attitude\",\"url\":\"https:\\\/\\\/globalattitude.org.br\\\/en\\\/\",\"logo\":{\"@type\":\"ImageObject\",\"inLanguage\":\"en-US\",\"@id\":\"https:\\\/\\\/globalattitude.org.br\\\/en\\\/#\\\/schema\\\/logo\\\/image\\\/\",\"url\":\"https:\\\/\\\/globalattitude.org.br\\\/wp-content\\\/uploads\\\/2023\\\/01\\\/instituto-global-attitude-color.png\",\"contentUrl\":\"https:\\\/\\\/globalattitude.org.br\\\/wp-content\\\/uploads\\\/2023\\\/01\\\/instituto-global-attitude-color.png\",\"width\":300,\"height\":131,\"caption\":\"Instituto Global Attitude\"},\"image\":{\"@id\":\"https:\\\/\\\/globalattitude.org.br\\\/en\\\/#\\\/schema\\\/logo\\\/image\\\/\"},\"sameAs\":[\"https:\\\/\\\/www.facebook.com\\\/global.attitude.org\\\/\",\"https:\\\/\\\/x.com\\\/global_attitude\",\"https:\\\/\\\/www.instagram.com\\\/globalattitude\",\"https:\\\/\\\/www.linkedin.com\\\/company\\\/global-attitude\\\/?viewAsMember=true\"]},{\"@type\":\"Person\",\"@id\":\"https:\\\/\\\/globalattitude.org.br\\\/en\\\/#\\\/schema\\\/person\\\/d2d0edb26129b7407b05aa493af63725\",\"name\":\"comunicacao\",\"image\":{\"@type\":\"ImageObject\",\"inLanguage\":\"en-US\",\"@id\":\"https:\\\/\\\/secure.gravatar.com\\\/avatar\\\/a25dbef6d352d1355e632d9629c19165ddb3e176cbcb21ee573e3d96d011d16b?s=96&d=mm&r=g\",\"url\":\"https:\\\/\\\/secure.gravatar.com\\\/avatar\\\/a25dbef6d352d1355e632d9629c19165ddb3e176cbcb21ee573e3d96d011d16b?s=96&d=mm&r=g\",\"contentUrl\":\"https:\\\/\\\/secure.gravatar.com\\\/avatar\\\/a25dbef6d352d1355e632d9629c19165ddb3e176cbcb21ee573e3d96d011d16b?s=96&d=mm&r=g\",\"caption\":\"comunicacao\"},\"url\":\"https:\\\/\\\/globalattitude.org.br\\\/en\\\/author\\\/comunicacao\\\/\"}]}<\/script>\n<!-- \/ Yoast SEO plugin. -->","yoast_head_json":{"title":"Dia da Inform\u00e1tica: Estado de SP tem cursos gratuitos e vagas de emprego na \u00e1rea - Instituto Global Attitude","robots":{"index":"index","follow":"follow","max-snippet":"max-snippet:-1","max-image-preview":"max-image-preview:large","max-video-preview":"max-video-preview:-1"},"canonical":"https:\/\/globalattitude.org.br\/en\/dia-da-informatica-estado-de-sp-tem-cursos-gratuitos-e-vagas-de-emprego-na-area\/","og_locale":"en_US","og_type":"article","og_title":"Dia da Inform\u00e1tica: Estado de SP tem cursos gratuitos e vagas de emprego na \u00e1rea - Instituto Global Attitude","og_description":"Por Braiam Resende, com informa\u00e7\u00f5es do Governo do Estade de S\u00e3o Paulo \u00a0\u2014 IGA SP \u2014 S\u00e3o Paulo 19\/08\/2024 06h05 Atualizado h\u00e1 15 minutos Programa Qualifica SP disponibiliza oportunidades gratuitas de qualifica\u00e7\u00e3o profissional para jovens. Atualmente, os PATs oferecem mais de 18,5 mil vagas de emprego, muitas das quais exigem conhecimentos em inform\u00e1tica. Celebrado no [&hellip;]","og_url":"https:\/\/globalattitude.org.br\/en\/dia-da-informatica-estado-de-sp-tem-cursos-gratuitos-e-vagas-de-emprego-na-area\/","og_site_name":"Instituto Global Attitude","article_publisher":"https:\/\/www.facebook.com\/global.attitude.org\/","article_published_time":"2024-08-19T09:00:50+00:00","author":"comunicacao","twitter_card":"summary_large_image","twitter_creator":"@global_attitude","twitter_site":"@global_attitude","twitter_misc":{"Written by":"comunicacao","Est. reading time":"3 minutes"},"schema":{"@context":"https:\/\/schema.org","@graph":[{"@type":["Article","BlogPosting"],"@id":"https:\/\/globalattitude.org.br\/en\/dia-da-informatica-estado-de-sp-tem-cursos-gratuitos-e-vagas-de-emprego-na-area\/#article","isPartOf":{"@id":"https:\/\/globalattitude.org.br\/en\/dia-da-informatica-estado-de-sp-tem-cursos-gratuitos-e-vagas-de-emprego-na-area\/"},"author":{"name":"comunicacao","@id":"https:\/\/globalattitude.org.br\/en\/#\/schema\/person\/d2d0edb26129b7407b05aa493af63725"},"headline":"Dia da Inform\u00e1tica: Estado de SP tem cursos gratuitos e vagas de emprego na \u00e1rea","datePublished":"2024-08-19T09:00:50+00:00","mainEntityOfPage":{"@id":"https:\/\/globalattitude.org.br\/en\/dia-da-informatica-estado-de-sp-tem-cursos-gratuitos-e-vagas-de-emprego-na-area\/"},"wordCount":442,"commentCount":0,"publisher":{"@id":"https:\/\/globalattitude.org.br\/en\/#organization"},"keywords":["Dia da Inform\u00e1tica: Estado de SP tem cursos gratuitos e vagas de emprego na \u00e1rea"],"articleSection":["Not\u00edcias"],"inLanguage":"en-US","potentialAction":[{"@type":"CommentAction","name":"Comment","target":["https:\/\/globalattitude.org.br\/en\/dia-da-informatica-estado-de-sp-tem-cursos-gratuitos-e-vagas-de-emprego-na-area\/#respond"]}]},{"@type":"WebPage","@id":"https:\/\/globalattitude.org.br\/en\/dia-da-informatica-estado-de-sp-tem-cursos-gratuitos-e-vagas-de-emprego-na-area\/","url":"https:\/\/globalattitude.org.br\/en\/dia-da-informatica-estado-de-sp-tem-cursos-gratuitos-e-vagas-de-emprego-na-area\/","name":"Dia da Inform\u00e1tica: Estado de SP tem cursos gratuitos e vagas de emprego na \u00e1rea - Instituto Global Attitude","isPartOf":{"@id":"https:\/\/globalattitude.org.br\/en\/#website"},"datePublished":"2024-08-19T09:00:50+00:00","breadcrumb":{"@id":"https:\/\/globalattitude.org.br\/en\/dia-da-informatica-estado-de-sp-tem-cursos-gratuitos-e-vagas-de-emprego-na-area\/#breadcrumb"},"inLanguage":"en-US","potentialAction":[{"@type":"ReadAction","target":["https:\/\/globalattitude.org.br\/en\/dia-da-informatica-estado-de-sp-tem-cursos-gratuitos-e-vagas-de-emprego-na-area\/"]}]},{"@type":"BreadcrumbList","@id":"https:\/\/globalattitude.org.br\/en\/dia-da-informatica-estado-de-sp-tem-cursos-gratuitos-e-vagas-de-emprego-na-area\/#breadcrumb","itemListElement":[{"@type":"ListItem","position":1,"name":"In\u00edcio","item":"https:\/\/globalattitude.org.br\/en\/"},{"@type":"ListItem","position":2,"name":"Dia da Inform\u00e1tica: Estado de SP tem cursos gratuitos e vagas de emprego na \u00e1rea"}]},{"@type":"WebSite","@id":"https:\/\/globalattitude.org.br\/en\/#website","url":"https:\/\/globalattitude.org.br\/en\/","name":"Instituto Global Attitude","description":"","publisher":{"@id":"https:\/\/globalattitude.org.br\/en\/#organization"},"potentialAction":[{"@type":"SearchAction","target":{"@type":"EntryPoint","urlTemplate":"https:\/\/globalattitude.org.br\/en\/?s={search_term_string}"},"query-input":{"@type":"PropertyValueSpecification","valueRequired":true,"valueName":"search_term_string"}}],"inLanguage":"en-US"},{"@type":"Organization","@id":"https:\/\/globalattitude.org.br\/en\/#organization","name":"Instituto Global Attitude","url":"https:\/\/globalattitude.org.br\/en\/","logo":{"@type":"ImageObject","inLanguage":"en-US","@id":"https:\/\/globalattitude.org.br\/en\/#\/schema\/logo\/image\/","url":"https:\/\/globalattitude.org.br\/wp-content\/uploads\/2023\/01\/instituto-global-attitude-color.png","contentUrl":"https:\/\/globalattitude.org.br\/wp-content\/uploads\/2023\/01\/instituto-global-attitude-color.png","width":300,"height":131,"caption":"Instituto Global Attitude"},"image":{"@id":"https:\/\/globalattitude.org.br\/en\/#\/schema\/logo\/image\/"},"sameAs":["https:\/\/www.facebook.com\/global.attitude.org\/","https:\/\/x.com\/global_attitude","https:\/\/www.instagram.com\/globalattitude","https:\/\/www.linkedin.com\/company\/global-attitude\/?viewAsMember=true"]},{"@type":"Person","@id":"https:\/\/globalattitude.org.br\/en\/#\/schema\/person\/d2d0edb26129b7407b05aa493af63725","name":"comunicacao","image":{"@type":"ImageObject","inLanguage":"en-US","@id":"https:\/\/secure.gravatar.com\/avatar\/a25dbef6d352d1355e632d9629c19165ddb3e176cbcb21ee573e3d96d011d16b?s=96&d=mm&r=g","url":"https:\/\/secure.gravatar.com\/avatar\/a25dbef6d352d1355e632d9629c19165ddb3e176cbcb21ee573e3d96d011d16b?s=96&d=mm&r=g","contentUrl":"https:\/\/secure.gravatar.com\/avatar\/a25dbef6d352d1355e632d9629c19165ddb3e176cbcb21ee573e3d96d011d16b?s=96&d=mm&r=g","caption":"comunicacao"},"url":"https:\/\/globalattitude.org.br\/en\/author\/comunicacao\/"}]}},"_links":{"self":[{"href":"https:\/\/globalattitude.org.br\/en\/wp-json\/wp\/v2\/posts\/8868","targetHints":{"allow":["GET"]}}],"collection":[{"href":"https:\/\/globalattitude.org.br\/en\/wp-json\/wp\/v2\/posts"}],"about":[{"href":"https:\/\/globalattitude.org.br\/en\/wp-json\/wp\/v2\/types\/post"}],"author":[{"embeddable":true,"href":"https:\/\/globalattitude.org.br\/en\/wp-json\/wp\/v2\/users\/4"}],"replies":[{"embeddable":true,"href":"https:\/\/globalattitude.org.br\/en\/wp-json\/wp\/v2\/comments?post=8868"}],"version-history":[{"count":1,"href":"https:\/\/globalattitude.org.br\/en\/wp-json\/wp\/v2\/posts\/8868\/revisions"}],"predecessor-version":[{"id":8871,"href":"https:\/\/globalattitude.org.br\/en\/wp-json\/wp\/v2\/posts\/8868\/revisions\/8871"}],"wp:attachment":[{"href":"https:\/\/globalattitude.org.br\/en\/wp-json\/wp\/v2\/media?parent=8868"}],"wp:term":[{"taxonomy":"category","embeddable":true,"href":"https:\/\/globalattitude.org.br\/en\/wp-json\/wp\/v2\/categories?post=8868"},{"taxonomy":"post_tag","embeddable":true,"href":"https:\/\/globalattitude.org.br\/en\/wp-json\/wp\/v2\/tags?post=8868"}],"curies":[{"name":"wp","href":"https:\/\/api.w.org\/{rel}","templated":true}]}}