{"id":9128,"date":"2024-09-09T10:30:51","date_gmt":"2024-09-09T13:30:51","guid":{"rendered":"https:\/\/globalattitude.org.br\/?p=9128"},"modified":"2024-09-06T13:58:15","modified_gmt":"2024-09-06T16:58:15","slug":"setembro-amarelo-entenda-a-campanha","status":"publish","type":"post","link":"https:\/\/globalattitude.org.br\/en\/setembro-amarelo-entenda-a-campanha\/","title":{"rendered":"Setembro Amarelo: Entenda a campanha"},"content":{"rendered":"<p>Campanha ocorre durante todo o m\u00eas e o Dia Mundial de Preven\u00e7\u00e3o ao Suic\u00eddio \u00e9 celebrado no dia 10 de setembro<\/p>\n<p>Por Braiam Resende \u2014 IGA SP \u2014 S\u00e3o Paulo 09\/09\/2024 10h30 Atualizado h\u00e1 10 minutos<\/p>\n<p>A campanha de conscientiza\u00e7\u00e3o pela sa\u00fade mental e vida ganha for\u00e7a com a chegada do\u00a0Setembro Amarelo.\u00a0A data foi criada pela\u00a0Associa\u00e7\u00e3o Internacional\u00a0para a\u00a0Preven\u00e7\u00e3o do Suic\u00eddio\u00a0e endossada pela\u00a0Organiza\u00e7\u00e3o Mundial da Sa\u00fade (OMS). O objetivo \u00e9 chamar a aten\u00e7\u00e3o dos governos e da sociedade civil para a import\u00e2ncia do assunto.<\/p>\n<p>A campanha do foi inspirada na hist\u00f3ria de\u00a0Mike Emme, que cometeu suic\u00eddio,\u00a0aos 17 anos, em setembro de 1994, nos\u00a0Estados Unidos.<\/p>\n<p>O garoto era conhecido pelo seu\u00a0carro amarelo. Em\u00a0seu vel\u00f3rio, os pais, colegas e amigos\u00a0compartilharam\u00a0cart\u00f5es com fitas amarelas e frases motivacionais para pessoas que pudessem estar sofrendo com\u00a0transtornos mentais e problemas\u00a0emocionais, por isso se deu a marca do\u00a0&#8220;Setembro Amarelo&#8221;.<\/p>\n<p>As fitas amarelas se tornaram o s\u00edmbolo da campanha, que foi adotada em 2015 no Brasil pelo\u00a0Centro de Valoriza\u00e7\u00e3o da Vida (CVV), pelo\u00a0Conselho Federal de Medicina (CFM)\u00a0e pela\u00a0Associa\u00e7\u00e3o Brasileira de Psiquiatria (ABP).<\/p>\n<h2>Dados no Brasil<\/h2>\n<p>O Brasil tem o\u00a0 terceiro pior \u00edndice de sa\u00fade mental do planeta. Estima-se, conforme apresentado por um levantamento da consultoria Alvarez &amp; Marsal, um crescimento anual de 12% a 15% nos \u00faltimos quatro anos em atendimentos de sa\u00fade no Brasil devido a transtornos mentais.<\/p>\n<p>E n\u00e3o para por a\u00ed: no primeiro semestre de 2023, em compara\u00e7\u00e3o com o mesmo per\u00edodo de 2022, houve um aumento de 37% na aquisi\u00e7\u00e3o de antidepressivos, segundo uma pesquisa da Vidalink em 250 empresas.<\/p>\n<p>Quando falamos do suic\u00eddio, um tema muitas vezes tabu, que \u00e9 o cerne da campanha de Setembro Amarelo, os n\u00fameros tamb\u00e9m n\u00e3o s\u00e3o favor\u00e1veis. De acordo com dados recentes fornecidos pela Ag\u00eancia Brasil, o pa\u00eds registra, em m\u00e9dia, uma m\u00e9dia de 38 suic\u00eddios por dia, o que equivale a cerca de 14.000 mortes anuais. O F\u00f3rum Brasileiro de Seguran\u00e7a P\u00fablica relatou que, em 2022, foram registrados 16.262 suic\u00eddios no pa\u00eds, o que d\u00e1 uma m\u00e9dia de 44 mortes di\u00e1rias. Outros estudos indicam uma m\u00e9dia de um suic\u00eddio a cada 40 minutos.<\/p>\n<p>Disque 188 para apoio emocional e ajuda psicol\u00f3gica.<\/p>\n","protected":false},"excerpt":{"rendered":"<p>Campanha ocorre durante todo o m\u00eas e o Dia Mundial de Preven\u00e7\u00e3o ao Suic\u00eddio \u00e9 celebrado no dia 10 de setembro Por Braiam Resende \u2014 IGA SP \u2014 S\u00e3o Paulo 09\/09\/2024 10h30 Atualizado h\u00e1 10 minutos A campanha de conscientiza\u00e7\u00e3o pela sa\u00fade mental e vida ganha for\u00e7a com a chegada do\u00a0Setembro Amarelo.\u00a0A data foi criada [&hellip;]<\/p>\n","protected":false},"author":4,"featured_media":0,"comment_status":"open","ping_status":"open","sticky":false,"template":"","format":"standard","meta":{"_acf_changed":false,"om_disable_all_campaigns":false,"_monsterinsights_skip_tracking":false,"_monsterinsights_sitenote_active":false,"_monsterinsights_sitenote_note":"","_monsterinsights_sitenote_category":0,"_uf_show_specific_survey":0,"_uf_disable_surveys":false,"footnotes":""},"categories":[360],"tags":[547],"class_list":["post-9128","post","type-post","status-publish","format-standard","hentry","category-noticias","tag-setembro-amarelo-entenda-a-campanha"],"acf":[],"aioseo_notices":[],"yoast_head":"<!-- This site is optimized with the Yoast SEO plugin v27.5 - https:\/\/yoast.com\/product\/yoast-seo-wordpress\/ -->\n<title>Setembro Amarelo: Entenda a campanha - Instituto Global Attitude<\/title>\n<meta name=\"robots\" content=\"index, follow, max-snippet:-1, max-image-preview:large, max-video-preview:-1\" \/>\n<link rel=\"canonical\" href=\"https:\/\/globalattitude.org.br\/en\/setembro-amarelo-entenda-a-campanha\/\" \/>\n<meta property=\"og:locale\" content=\"en_US\" \/>\n<meta property=\"og:type\" content=\"article\" \/>\n<meta property=\"og:title\" content=\"Setembro Amarelo: Entenda a campanha - Instituto Global Attitude\" \/>\n<meta property=\"og:description\" content=\"Campanha ocorre durante todo o m\u00eas e o Dia Mundial de Preven\u00e7\u00e3o ao Suic\u00eddio \u00e9 celebrado no dia 10 de setembro Por Braiam Resende \u2014 IGA SP \u2014 S\u00e3o Paulo 09\/09\/2024 10h30 Atualizado h\u00e1 10 minutos A campanha de conscientiza\u00e7\u00e3o pela sa\u00fade mental e vida ganha for\u00e7a com a chegada do\u00a0Setembro Amarelo.\u00a0A data foi criada [&hellip;]\" \/>\n<meta property=\"og:url\" content=\"https:\/\/globalattitude.org.br\/en\/setembro-amarelo-entenda-a-campanha\/\" \/>\n<meta property=\"og:site_name\" content=\"Instituto Global Attitude\" \/>\n<meta property=\"article:publisher\" content=\"https:\/\/www.facebook.com\/global.attitude.org\/\" \/>\n<meta property=\"article:published_time\" content=\"2024-09-09T13:30:51+00:00\" \/>\n<meta name=\"author\" content=\"comunicacao\" \/>\n<meta name=\"twitter:card\" content=\"summary_large_image\" \/>\n<meta name=\"twitter:creator\" content=\"@global_attitude\" \/>\n<meta name=\"twitter:site\" content=\"@global_attitude\" \/>\n<meta name=\"twitter:label1\" content=\"Written by\" \/>\n\t<meta name=\"twitter:data1\" content=\"comunicacao\" \/>\n\t<meta name=\"twitter:label2\" content=\"Est. reading time\" \/>\n\t<meta name=\"twitter:data2\" content=\"3 minutes\" \/>\n<script type=\"application\/ld+json\" class=\"yoast-schema-graph\">{\"@context\":\"https:\\\/\\\/schema.org\",\"@graph\":[{\"@type\":[\"Article\",\"BlogPosting\"],\"@id\":\"https:\\\/\\\/globalattitude.org.br\\\/en\\\/setembro-amarelo-entenda-a-campanha\\\/#article\",\"isPartOf\":{\"@id\":\"https:\\\/\\\/globalattitude.org.br\\\/en\\\/setembro-amarelo-entenda-a-campanha\\\/\"},\"author\":{\"name\":\"comunicacao\",\"@id\":\"https:\\\/\\\/globalattitude.org.br\\\/en\\\/#\\\/schema\\\/person\\\/d2d0edb26129b7407b05aa493af63725\"},\"headline\":\"Setembro Amarelo: Entenda a campanha\",\"datePublished\":\"2024-09-09T13:30:51+00:00\",\"mainEntityOfPage\":{\"@id\":\"https:\\\/\\\/globalattitude.org.br\\\/en\\\/setembro-amarelo-entenda-a-campanha\\\/\"},\"wordCount\":404,\"commentCount\":0,\"publisher\":{\"@id\":\"https:\\\/\\\/globalattitude.org.br\\\/en\\\/#organization\"},\"keywords\":[\"Setembro Amarelo: Entenda a campanha\"],\"articleSection\":[\"Not\u00edcias\"],\"inLanguage\":\"en-US\",\"potentialAction\":[{\"@type\":\"CommentAction\",\"name\":\"Comment\",\"target\":[\"https:\\\/\\\/globalattitude.org.br\\\/en\\\/setembro-amarelo-entenda-a-campanha\\\/#respond\"]}]},{\"@type\":\"WebPage\",\"@id\":\"https:\\\/\\\/globalattitude.org.br\\\/en\\\/setembro-amarelo-entenda-a-campanha\\\/\",\"url\":\"https:\\\/\\\/globalattitude.org.br\\\/en\\\/setembro-amarelo-entenda-a-campanha\\\/\",\"name\":\"Setembro Amarelo: Entenda a campanha - Instituto Global Attitude\",\"isPartOf\":{\"@id\":\"https:\\\/\\\/globalattitude.org.br\\\/en\\\/#website\"},\"datePublished\":\"2024-09-09T13:30:51+00:00\",\"breadcrumb\":{\"@id\":\"https:\\\/\\\/globalattitude.org.br\\\/en\\\/setembro-amarelo-entenda-a-campanha\\\/#breadcrumb\"},\"inLanguage\":\"en-US\",\"potentialAction\":[{\"@type\":\"ReadAction\",\"target\":[\"https:\\\/\\\/globalattitude.org.br\\\/en\\\/setembro-amarelo-entenda-a-campanha\\\/\"]}]},{\"@type\":\"BreadcrumbList\",\"@id\":\"https:\\\/\\\/globalattitude.org.br\\\/en\\\/setembro-amarelo-entenda-a-campanha\\\/#breadcrumb\",\"itemListElement\":[{\"@type\":\"ListItem\",\"position\":1,\"name\":\"In\u00edcio\",\"item\":\"https:\\\/\\\/globalattitude.org.br\\\/en\\\/\"},{\"@type\":\"ListItem\",\"position\":2,\"name\":\"Setembro Amarelo: Entenda a campanha\"}]},{\"@type\":\"WebSite\",\"@id\":\"https:\\\/\\\/globalattitude.org.br\\\/en\\\/#website\",\"url\":\"https:\\\/\\\/globalattitude.org.br\\\/en\\\/\",\"name\":\"Instituto Global Attitude\",\"description\":\"\",\"publisher\":{\"@id\":\"https:\\\/\\\/globalattitude.org.br\\\/en\\\/#organization\"},\"potentialAction\":[{\"@type\":\"SearchAction\",\"target\":{\"@type\":\"EntryPoint\",\"urlTemplate\":\"https:\\\/\\\/globalattitude.org.br\\\/en\\\/?s={search_term_string}\"},\"query-input\":{\"@type\":\"PropertyValueSpecification\",\"valueRequired\":true,\"valueName\":\"search_term_string\"}}],\"inLanguage\":\"en-US\"},{\"@type\":\"Organization\",\"@id\":\"https:\\\/\\\/globalattitude.org.br\\\/en\\\/#organization\",\"name\":\"Instituto Global Attitude\",\"url\":\"https:\\\/\\\/globalattitude.org.br\\\/en\\\/\",\"logo\":{\"@type\":\"ImageObject\",\"inLanguage\":\"en-US\",\"@id\":\"https:\\\/\\\/globalattitude.org.br\\\/en\\\/#\\\/schema\\\/logo\\\/image\\\/\",\"url\":\"https:\\\/\\\/globalattitude.org.br\\\/wp-content\\\/uploads\\\/2023\\\/01\\\/instituto-global-attitude-color.png\",\"contentUrl\":\"https:\\\/\\\/globalattitude.org.br\\\/wp-content\\\/uploads\\\/2023\\\/01\\\/instituto-global-attitude-color.png\",\"width\":300,\"height\":131,\"caption\":\"Instituto Global Attitude\"},\"image\":{\"@id\":\"https:\\\/\\\/globalattitude.org.br\\\/en\\\/#\\\/schema\\\/logo\\\/image\\\/\"},\"sameAs\":[\"https:\\\/\\\/www.facebook.com\\\/global.attitude.org\\\/\",\"https:\\\/\\\/x.com\\\/global_attitude\",\"https:\\\/\\\/www.instagram.com\\\/globalattitude\",\"https:\\\/\\\/www.linkedin.com\\\/company\\\/global-attitude\\\/?viewAsMember=true\"]},{\"@type\":\"Person\",\"@id\":\"https:\\\/\\\/globalattitude.org.br\\\/en\\\/#\\\/schema\\\/person\\\/d2d0edb26129b7407b05aa493af63725\",\"name\":\"comunicacao\",\"image\":{\"@type\":\"ImageObject\",\"inLanguage\":\"en-US\",\"@id\":\"https:\\\/\\\/secure.gravatar.com\\\/avatar\\\/a25dbef6d352d1355e632d9629c19165ddb3e176cbcb21ee573e3d96d011d16b?s=96&d=mm&r=g\",\"url\":\"https:\\\/\\\/secure.gravatar.com\\\/avatar\\\/a25dbef6d352d1355e632d9629c19165ddb3e176cbcb21ee573e3d96d011d16b?s=96&d=mm&r=g\",\"contentUrl\":\"https:\\\/\\\/secure.gravatar.com\\\/avatar\\\/a25dbef6d352d1355e632d9629c19165ddb3e176cbcb21ee573e3d96d011d16b?s=96&d=mm&r=g\",\"caption\":\"comunicacao\"},\"url\":\"https:\\\/\\\/globalattitude.org.br\\\/en\\\/author\\\/comunicacao\\\/\"}]}<\/script>\n<!-- \/ Yoast SEO plugin. -->","yoast_head_json":{"title":"Setembro Amarelo: Entenda a campanha - Instituto Global Attitude","robots":{"index":"index","follow":"follow","max-snippet":"max-snippet:-1","max-image-preview":"max-image-preview:large","max-video-preview":"max-video-preview:-1"},"canonical":"https:\/\/globalattitude.org.br\/en\/setembro-amarelo-entenda-a-campanha\/","og_locale":"en_US","og_type":"article","og_title":"Setembro Amarelo: Entenda a campanha - Instituto Global Attitude","og_description":"Campanha ocorre durante todo o m\u00eas e o Dia Mundial de Preven\u00e7\u00e3o ao Suic\u00eddio \u00e9 celebrado no dia 10 de setembro Por Braiam Resende \u2014 IGA SP \u2014 S\u00e3o Paulo 09\/09\/2024 10h30 Atualizado h\u00e1 10 minutos A campanha de conscientiza\u00e7\u00e3o pela sa\u00fade mental e vida ganha for\u00e7a com a chegada do\u00a0Setembro Amarelo.\u00a0A data foi criada [&hellip;]","og_url":"https:\/\/globalattitude.org.br\/en\/setembro-amarelo-entenda-a-campanha\/","og_site_name":"Instituto Global Attitude","article_publisher":"https:\/\/www.facebook.com\/global.attitude.org\/","article_published_time":"2024-09-09T13:30:51+00:00","author":"comunicacao","twitter_card":"summary_large_image","twitter_creator":"@global_attitude","twitter_site":"@global_attitude","twitter_misc":{"Written by":"comunicacao","Est. reading time":"3 minutes"},"schema":{"@context":"https:\/\/schema.org","@graph":[{"@type":["Article","BlogPosting"],"@id":"https:\/\/globalattitude.org.br\/en\/setembro-amarelo-entenda-a-campanha\/#article","isPartOf":{"@id":"https:\/\/globalattitude.org.br\/en\/setembro-amarelo-entenda-a-campanha\/"},"author":{"name":"comunicacao","@id":"https:\/\/globalattitude.org.br\/en\/#\/schema\/person\/d2d0edb26129b7407b05aa493af63725"},"headline":"Setembro Amarelo: Entenda a campanha","datePublished":"2024-09-09T13:30:51+00:00","mainEntityOfPage":{"@id":"https:\/\/globalattitude.org.br\/en\/setembro-amarelo-entenda-a-campanha\/"},"wordCount":404,"commentCount":0,"publisher":{"@id":"https:\/\/globalattitude.org.br\/en\/#organization"},"keywords":["Setembro Amarelo: Entenda a campanha"],"articleSection":["Not\u00edcias"],"inLanguage":"en-US","potentialAction":[{"@type":"CommentAction","name":"Comment","target":["https:\/\/globalattitude.org.br\/en\/setembro-amarelo-entenda-a-campanha\/#respond"]}]},{"@type":"WebPage","@id":"https:\/\/globalattitude.org.br\/en\/setembro-amarelo-entenda-a-campanha\/","url":"https:\/\/globalattitude.org.br\/en\/setembro-amarelo-entenda-a-campanha\/","name":"Setembro Amarelo: Entenda a campanha - Instituto Global Attitude","isPartOf":{"@id":"https:\/\/globalattitude.org.br\/en\/#website"},"datePublished":"2024-09-09T13:30:51+00:00","breadcrumb":{"@id":"https:\/\/globalattitude.org.br\/en\/setembro-amarelo-entenda-a-campanha\/#breadcrumb"},"inLanguage":"en-US","potentialAction":[{"@type":"ReadAction","target":["https:\/\/globalattitude.org.br\/en\/setembro-amarelo-entenda-a-campanha\/"]}]},{"@type":"BreadcrumbList","@id":"https:\/\/globalattitude.org.br\/en\/setembro-amarelo-entenda-a-campanha\/#breadcrumb","itemListElement":[{"@type":"ListItem","position":1,"name":"In\u00edcio","item":"https:\/\/globalattitude.org.br\/en\/"},{"@type":"ListItem","position":2,"name":"Setembro Amarelo: Entenda a campanha"}]},{"@type":"WebSite","@id":"https:\/\/globalattitude.org.br\/en\/#website","url":"https:\/\/globalattitude.org.br\/en\/","name":"Instituto Global Attitude","description":"","publisher":{"@id":"https:\/\/globalattitude.org.br\/en\/#organization"},"potentialAction":[{"@type":"SearchAction","target":{"@type":"EntryPoint","urlTemplate":"https:\/\/globalattitude.org.br\/en\/?s={search_term_string}"},"query-input":{"@type":"PropertyValueSpecification","valueRequired":true,"valueName":"search_term_string"}}],"inLanguage":"en-US"},{"@type":"Organization","@id":"https:\/\/globalattitude.org.br\/en\/#organization","name":"Instituto Global Attitude","url":"https:\/\/globalattitude.org.br\/en\/","logo":{"@type":"ImageObject","inLanguage":"en-US","@id":"https:\/\/globalattitude.org.br\/en\/#\/schema\/logo\/image\/","url":"https:\/\/globalattitude.org.br\/wp-content\/uploads\/2023\/01\/instituto-global-attitude-color.png","contentUrl":"https:\/\/globalattitude.org.br\/wp-content\/uploads\/2023\/01\/instituto-global-attitude-color.png","width":300,"height":131,"caption":"Instituto Global Attitude"},"image":{"@id":"https:\/\/globalattitude.org.br\/en\/#\/schema\/logo\/image\/"},"sameAs":["https:\/\/www.facebook.com\/global.attitude.org\/","https:\/\/x.com\/global_attitude","https:\/\/www.instagram.com\/globalattitude","https:\/\/www.linkedin.com\/company\/global-attitude\/?viewAsMember=true"]},{"@type":"Person","@id":"https:\/\/globalattitude.org.br\/en\/#\/schema\/person\/d2d0edb26129b7407b05aa493af63725","name":"comunicacao","image":{"@type":"ImageObject","inLanguage":"en-US","@id":"https:\/\/secure.gravatar.com\/avatar\/a25dbef6d352d1355e632d9629c19165ddb3e176cbcb21ee573e3d96d011d16b?s=96&d=mm&r=g","url":"https:\/\/secure.gravatar.com\/avatar\/a25dbef6d352d1355e632d9629c19165ddb3e176cbcb21ee573e3d96d011d16b?s=96&d=mm&r=g","contentUrl":"https:\/\/secure.gravatar.com\/avatar\/a25dbef6d352d1355e632d9629c19165ddb3e176cbcb21ee573e3d96d011d16b?s=96&d=mm&r=g","caption":"comunicacao"},"url":"https:\/\/globalattitude.org.br\/en\/author\/comunicacao\/"}]}},"_links":{"self":[{"href":"https:\/\/globalattitude.org.br\/en\/wp-json\/wp\/v2\/posts\/9128","targetHints":{"allow":["GET"]}}],"collection":[{"href":"https:\/\/globalattitude.org.br\/en\/wp-json\/wp\/v2\/posts"}],"about":[{"href":"https:\/\/globalattitude.org.br\/en\/wp-json\/wp\/v2\/types\/post"}],"author":[{"embeddable":true,"href":"https:\/\/globalattitude.org.br\/en\/wp-json\/wp\/v2\/users\/4"}],"replies":[{"embeddable":true,"href":"https:\/\/globalattitude.org.br\/en\/wp-json\/wp\/v2\/comments?post=9128"}],"version-history":[{"count":5,"href":"https:\/\/globalattitude.org.br\/en\/wp-json\/wp\/v2\/posts\/9128\/revisions"}],"predecessor-version":[{"id":9135,"href":"https:\/\/globalattitude.org.br\/en\/wp-json\/wp\/v2\/posts\/9128\/revisions\/9135"}],"wp:attachment":[{"href":"https:\/\/globalattitude.org.br\/en\/wp-json\/wp\/v2\/media?parent=9128"}],"wp:term":[{"taxonomy":"category","embeddable":true,"href":"https:\/\/globalattitude.org.br\/en\/wp-json\/wp\/v2\/categories?post=9128"},{"taxonomy":"post_tag","embeddable":true,"href":"https:\/\/globalattitude.org.br\/en\/wp-json\/wp\/v2\/tags?post=9128"}],"curies":[{"name":"wp","href":"https:\/\/api.w.org\/{rel}","templated":true}]}}