{"id":952,"date":"2016-04-01T14:31:00","date_gmt":"2016-04-01T17:31:00","guid":{"rendered":"https:\/\/globalattitude.org.br\/saiu-veja-os-delegados-que-representarao-o-brasil-no-spring-meetings-2016\/"},"modified":"2023-03-10T10:00:44","modified_gmt":"2023-03-10T13:00:44","slug":"saiu-veja-os-delegados-que-representarao-o-brasil-no-spring-meetings-2016","status":"publish","type":"post","link":"https:\/\/globalattitude.org.br\/en\/saiu-veja-os-delegados-que-representarao-o-brasil-no-spring-meetings-2016\/","title":{"rendered":"Saiu! Conhe\u00e7a os delegados que ir\u00e3o ao Spring Meetings 2016"},"content":{"rendered":"<p class=\"p1\"><span class=\"s1\">A espera chegou ao fim. Ap\u00f3s um longo processo de sele\u00e7\u00e3o, que contou com candidatos bem preparados e com\u00a0\u00f3timas ideias, o Instituto Global Attitude tem o prazer de anunciar a delega\u00e7\u00e3o que ir\u00e1 participar do\u00a0f\u00f3rum <a href=\"https:\/\/www.imf.org\/external\/spring\/2016\/\">Spring Meetings 2016<\/a>, em Washington, Estados Unidos, a ser realizado entre os dias 12 e 17 de abril.<\/span><\/p>\n<p class=\"p1\"><strong><span class=\"s1\">Conhe\u00e7a um pouco mais sobre os delegados:<\/span><\/strong><\/p>\n<p><a href=\"http:\/\/globalattitude.org.br\/wp-content\/uploads\/2023\/03\/Captura-de-Tela-2016-03-30-as-17.00.02.jpg\" rel=\"attachment wp-att-2081\"><img decoding=\"async\" class=\" wp-image-2081 alignleft\" src=\"http:\/\/globalattitude.org.br\/wp-content\/uploads\/2023\/03\/Captura-de-Tela-2016-03-30-as-17.00.02.jpg\" alt=\"Captura de Tela 2016-03-30 a\u0300s 17.00.02\" width=\"196\" height=\"196\" \/><\/a><\/p>\n<p class=\"p1\"><span class=\"s1\"><b>Gabriel Chagas Brasil &#8211; <\/b><\/span>Bacharelando em Economia pela UFMG, \u00e9 T\u00e9cnico em Administra\u00e7\u00e3o pela ETFG\/SEBRAE. Fez um curso de curta dura\u00e7\u00e3o em Business na <a href=\"http:\/\/www2.mmu.ac.uk\/\">Manchester Metropolitan University<\/a> (MMU), na Inglaterra, e um semestre de interc\u00e2mbio acad\u00eamico na <a href=\"http:\/\/www.hec.ulg.ac.be\/\">HEC\/Universit\u00e9 de Li\u00e8ge<\/a>, na B\u00e9lgica. Trabalhou na Equipe T\u00e9cnica de Fus\u00f5es e Aquisi\u00e7\u00f5es da <a href=\"http:\/\/www.investorcp.com\/\">Investor Consulting Partners<\/a> e na \u00e1rea de Fundos Exclusivos da <a href=\"http:\/\/www.dlminvista.com.br\/\">DLM Invista Asset Management<\/a>.\u00a0Foi volunt\u00e1rio do Programa de Empreendedorismo Social, no Vale do Jequitinhonha, recebeu Men\u00e7\u00e3o Honrosa por sua apresenta\u00e7\u00e3o final na MMU e foi premiado com o terceiro lugar no <a href=\"http:\/\/www.cimaglobal.com\/Events-and-cpd-courses\/globalbusinesschallenge\/\">Global Business Challenge<\/a>, em Nova Iorque.<\/p>\n<p class=\"p1\">&#8212;&#8212;&#8212;&#8212;&#8212;&#8212;&#8212;&#8212;&#8212;&#8212;&#8212;&#8212;&#8212;&#8212;&#8212;&#8212;&#8212;&#8212;&#8212;&#8212;&#8212;&#8212;&#8212;&#8212;&#8212;&#8212;&#8212;&#8212;&#8212;&#8212;&#8212;&#8212;&#8212;&#8212;&#8212;&#8212;&#8212;&#8212;&#8212;&#8212;&#8212;&#8212;&#8212;&#8212;&#8212;&#8212;&#8212;&#8212;&#8212;&#8212;&#8212;&#8212;&#8212;&#8212;&#8212;&#8212;&#8212;&#8212;-<\/p>\n<p class=\"p1\"><span class=\"s1\"><b><a href=\"http:\/\/globalattitude.org.br\/wp-content\/uploads\/2023\/03\/dario.jpg\" rel=\"attachment wp-att-2085\"><img decoding=\"async\" class=\"size-full wp-image-2085 alignleft\" src=\"http:\/\/globalattitude.org.br\/wp-content\/uploads\/2023\/03\/dario.jpg\" alt=\"dario\" width=\"200\" height=\"200\" \/><\/a><\/b><\/span><\/p>\n<p class=\"p1\"><span class=\"s1\"><b>Dario da Silva Oliveira Neto &#8211;<\/b> <\/span>graduando de Ci\u00eancias Jur\u00eddicas e Sociais (Direito) pela Universidade Federal do Rio Grande do Sul &#8211; UFRGS &#8211; e tamb\u00e9m Ci\u00eancias Econ\u00f4micas pela Pontif\u00edcia Universidade Cat\u00f3lica do Rio Grande do Sul &#8211; PUCRS-, atual bolsista de inicia\u00e7\u00e3o cient\u00edfica pela PUCRS com o \u00a0trabalho &#8220;O Reuni afetou as oportunidades de acesso a carreira universit\u00e1ria no interior do Brasil?&#8221;.\u00a0Organizador dos \u00faltimos eventos de Direito e Economia no Rio Grande do Sul, <a href=\"http:\/\/www.ufrgs.br\/fce\/iii-curso-de-inverno-de-analise-economica-do-direito-esta-com-inscricoes-abertas\/\">III Curso de Inverno de An\u00e1lise Econ\u00f4mica do Direito<\/a> da UFRGS e o <a href=\"http:\/\/www.congressoiders2015.eventize.com.br\/\">IX Congresso de Direito e Economia do IDERS<\/a>. Atual coordenador geral do <a href=\"https:\/\/nedep.org\/\">NEDEP<\/a> (N\u00facleo de Extens\u00e3o de Direito, Economia e Pol\u00edticas P\u00fablicas).<\/p>\n<p class=\"p1\">&#8212;&#8212;&#8212;&#8212;&#8212;&#8212;&#8212;&#8212;&#8212;&#8212;&#8212;&#8212;&#8212;&#8212;&#8212;&#8212;&#8212;&#8212;&#8212;&#8212;&#8212;&#8212;&#8212;&#8212;&#8212;&#8212;&#8212;&#8212;&#8212;&#8212;&#8212;&#8212;&#8212;&#8212;&#8212;&#8212;&#8212;&#8212;&#8212;&#8212;&#8212;&#8212;&#8212;&#8212;&#8212;&#8212;&#8212;&#8212;&#8212;&#8212;&#8212;&#8212;&#8212;&#8212;&#8212;&#8212;&#8212;&#8212;-<\/p>\n<p class=\"p1\"><a href=\"http:\/\/globalattitude.org.br\/wp-content\/uploads\/2023\/03\/IMG_6211.jpg\" rel=\"attachment wp-att-2084\"><img decoding=\"async\" class=\"size-medium wp-image-2084 alignleft\" src=\"http:\/\/globalattitude.org.br\/wp-content\/uploads\/2023\/03\/IMG_6211.jpg\" alt=\"IMG_6211\" width=\"200\" height=\"200\" \/><\/a><\/p>\n<p class=\"p1\"><b>Manuella Marnet P\u00f3pullo &#8211; <\/b>Graduanda em Ci\u00eancias Econ\u00f4micas no Instituto de Economia da UFRJ, estagi\u00e1ria na Sony Music Entertainment na \u00e1rea de Planejamento Financeiro. Possui grande interesse em quest\u00f5es relacionadas ao desenvolvimento social e econ\u00f4mico, sendo membro fundador do <a href=\"http:\/\/mudevidas.com\/index.html\">projeto Mude Vidas<\/a>, uma plataforma online que auxilia institui\u00e7\u00f5es sem fins lucrativos. Possui experi\u00eancia internacional em conceituadas institui\u00e7\u00f5es acad\u00eamicas e em 2012 foi volunt\u00e1ria no <a href=\"http:\/\/www.rio20.gov.br\/\">Rio+20<\/a>, evento da ONU para o Desenvolvimento Sustent\u00e1vel que ocorreu no Rio de Janeiro.<\/p>\n<p class=\"p1\">&#8212;&#8212;&#8212;&#8212;&#8212;&#8212;&#8212;&#8212;&#8212;&#8212;&#8212;&#8212;&#8212;&#8212;&#8212;&#8212;&#8212;&#8212;&#8212;&#8212;&#8212;&#8212;&#8212;&#8212;&#8212;&#8212;&#8212;&#8212;&#8212;&#8212;&#8212;&#8212;&#8212;&#8212;&#8212;&#8212;&#8212;&#8212;&#8212;&#8212;&#8212;&#8212;&#8212;&#8212;&#8212;&#8212;&#8212;&#8212;&#8212;&#8212;&#8212;&#8212;&#8212;&#8212;&#8212;&#8212;&#8212;&#8212;-<\/p>\n<p class=\"p1\"><b><a href=\"http:\/\/globalattitude.org.br\/wp-content\/uploads\/2023\/03\/nicolas.jpg\" rel=\"attachment wp-att-2086\"><img loading=\"lazy\" decoding=\"async\" class=\"size-full wp-image-2086 alignleft\" src=\"http:\/\/globalattitude.org.br\/wp-content\/uploads\/2023\/03\/nicolas.jpg\" alt=\"nicolas\" width=\"200\" height=\"204\" \/><\/a><\/b><\/p>\n<p class=\"p1\"><b>Nicolas Teodoro de Menezes Silva &#8211; \u00a0<\/b>Advogado de Mercado de Capitais no escrit\u00f3rio Mattos Filho, Veiga Filho, Marrey Jr. e Quiroga Advogados. Bacharel em Direito pela Universidade de S\u00e3o Paulo- USP, tendo realizado em 2013 interc\u00e2mbio acad\u00eamico na <a href=\"https:\/\/www.jura.uni-hamburg.de\/\">Faculdade de Direito da Universidade de Hamburgo<\/a>, Alemanha, financiado pelo <a href=\"http:\/\/www.reitoria.usp.br\/intercambio\/\">Programa de M\u00e9rito Acad\u00eamico da Universidade de S\u00e3o Paulo<\/a>. Trabalho de conclus\u00e3o de curso sobre contratos administrativos financiados com recursos oriundos do Banco Mundial. Fluente nos idiomas ingl\u00eas, franc\u00eas e alem\u00e3o.<\/p>\n<p class=\"p1\">.<\/p>\n<p class=\"p1\"><span class=\"s1\">Parabenizamos os delegados por chegarem at\u00e9 aqui e esperamos que a experi\u00eancia seja enriquecedora para cada um.\u00a0<\/span><span class=\"s1\">Aos que n\u00e3o foram aprovados, sem des\u00e2nimo! 2016 est\u00e1 s\u00f3 come\u00e7ando e o <a href=\"http:\/\/blog.globalattitude.org.br\/o-que-e\/\">Diplomacia Civil<\/a> ainda ter\u00e1 v\u00e1rios eventos importantes para enviar delega\u00e7\u00f5es, ent\u00e3o fique ligado na nossa <a href=\"https:\/\/www.facebook.com\/global.attitude.org\/\">p\u00e1gina no Facebook<\/a> ou <a href=\"https:\/\/www.facebook.com\/global.attitude.org\/app\/558781764146601\/\">assine nosso newsletter<\/a> para n\u00e3o deixar passar nenhum prazo de inscri\u00e7\u00e3o.<\/span><\/p>\n<p class=\"p1\"><strong>A viagem est\u00e1 chegando. Mas antes&#8230;<br \/>\n<\/strong>Os delegados far\u00e3o parte de um procedimento de prepara\u00e7\u00e3o antes do evento. Contando com quatro workshops, ministrados pelo americano Maxwell Lantz, mestre em Rela\u00e7\u00f5es Internacionais pelo <a href=\"http:\/\/graduateinstitute.ch\/home.html\">Graduate Institute of International and Development Studies<\/a> (Genebra, Su\u00ed\u00e7a), e pelo Professor Doutor S\u00e9rgio Gil Marques dos Santos, doutor em Ci\u00eancia Pol\u00edtica pela USP e professor das <a href=\"http:\/\/www.riobrancofac.edu.br\/site\/default.aspx\">Faculdades Integradas Rio Branco<\/a>. Os workshops explicam desde a hist\u00f3ria do Banco Mundial e do Fundo Monet\u00e1rio Internacional (organiza\u00e7\u00f5es que promovem o Spring Meetings) at\u00e9 t\u00e9cnicas de networking e como representar o Brasil no exterior, ampliando os conhecimentos acerca de temas relevantes para a participa\u00e7\u00e3o no evento.<\/p>\n<p class=\"p1\">Os delegados dar\u00e3o in\u00edcio, ainda antes da viagem, \u00e0 produ\u00e7\u00e3o de seus artigos de opini\u00e3o ou de pesquisa, com os temas que usaram para se inscrever no programa. O Professor Doutor S\u00e9rgio Gil far\u00e1 a orienta\u00e7\u00e3o dos textos durante todo o processo de produ\u00e7\u00e3o.<\/p>\n","protected":false},"excerpt":{"rendered":"<p>A espera chegou ao fim. Ap\u00f3s um longo processo de sele\u00e7\u00e3o, que contou com candidatos bem preparados e com\u00a0\u00f3timas ideias, o Instituto Global Attitude tem o prazer de anunciar a delega\u00e7\u00e3o que ir\u00e1 participar do\u00a0f\u00f3rum Spring Meetings 2016, em Washington, Estados Unidos, a ser realizado entre os dias 12 e 17 de abril. Conhe\u00e7a um [&hellip;]<\/p>\n","protected":false},"author":1,"featured_media":953,"comment_status":"open","ping_status":"open","sticky":false,"template":"","format":"standard","meta":{"_acf_changed":false,"om_disable_all_campaigns":false,"_monsterinsights_skip_tracking":false,"_monsterinsights_sitenote_active":false,"_monsterinsights_sitenote_note":"","_monsterinsights_sitenote_category":0,"_uf_show_specific_survey":0,"_uf_disable_surveys":false,"footnotes":""},"categories":[22,34],"tags":[],"class_list":["post-952","post","type-post","status-publish","format-standard","hentry","category-programas","category-ultimas"],"acf":[],"aioseo_notices":[],"yoast_head":"<!-- This site is optimized with the Yoast SEO plugin v27.5 - https:\/\/yoast.com\/product\/yoast-seo-wordpress\/ -->\n<title>Saiu! Conhe\u00e7a os delegados que ir\u00e3o ao Spring Meetings 2016 - Instituto Global Attitude<\/title>\n<meta name=\"robots\" content=\"index, follow, max-snippet:-1, max-image-preview:large, max-video-preview:-1\" \/>\n<link rel=\"canonical\" href=\"https:\/\/globalattitude.org.br\/saiu-veja-os-delegados-que-representarao-o-brasil-no-spring-meetings-2016\/\" \/>\n<meta property=\"og:locale\" content=\"en_US\" \/>\n<meta property=\"og:type\" content=\"article\" \/>\n<meta property=\"og:title\" content=\"Saiu! Conhe\u00e7a os delegados que ir\u00e3o ao Spring Meetings 2016 - Instituto Global Attitude\" \/>\n<meta property=\"og:description\" content=\"A espera chegou ao fim. Ap\u00f3s um longo processo de sele\u00e7\u00e3o, que contou com candidatos bem preparados e com\u00a0\u00f3timas ideias, o Instituto Global Attitude tem o prazer de anunciar a delega\u00e7\u00e3o que ir\u00e1 participar do\u00a0f\u00f3rum Spring Meetings 2016, em Washington, Estados Unidos, a ser realizado entre os dias 12 e 17 de abril. Conhe\u00e7a um [&hellip;]\" \/>\n<meta property=\"og:url\" content=\"https:\/\/globalattitude.org.br\/saiu-veja-os-delegados-que-representarao-o-brasil-no-spring-meetings-2016\/\" \/>\n<meta property=\"og:site_name\" content=\"Instituto Global Attitude\" \/>\n<meta property=\"article:publisher\" content=\"https:\/\/www.facebook.com\/global.attitude.org\/\" \/>\n<meta property=\"article:published_time\" content=\"2016-04-01T17:31:00+00:00\" \/>\n<meta property=\"article:modified_time\" content=\"2023-03-10T13:00:44+00:00\" \/>\n<meta property=\"og:image\" content=\"https:\/\/globalattitude.org.br\/wp-content\/uploads\/2023\/03\/Captura-de-Tela-2016-03-30-as-17.00.02.jpg\" \/>\n\t<meta property=\"og:image:width\" content=\"200\" \/>\n\t<meta property=\"og:image:height\" content=\"200\" \/>\n\t<meta property=\"og:image:type\" content=\"image\/jpeg\" \/>\n<meta name=\"author\" content=\"123esite\" \/>\n<meta name=\"twitter:card\" content=\"summary_large_image\" \/>\n<meta name=\"twitter:creator\" content=\"@global_attitude\" \/>\n<meta name=\"twitter:site\" content=\"@global_attitude\" \/>\n<meta name=\"twitter:label1\" content=\"Written by\" \/>\n\t<meta name=\"twitter:data1\" content=\"123esite\" \/>\n\t<meta name=\"twitter:label2\" content=\"Est. reading time\" \/>\n\t<meta name=\"twitter:data2\" content=\"4 minutes\" \/>\n<script type=\"application\/ld+json\" class=\"yoast-schema-graph\">{\"@context\":\"https:\\\/\\\/schema.org\",\"@graph\":[{\"@type\":[\"Article\",\"BlogPosting\"],\"@id\":\"https:\\\/\\\/globalattitude.org.br\\\/saiu-veja-os-delegados-que-representarao-o-brasil-no-spring-meetings-2016\\\/#article\",\"isPartOf\":{\"@id\":\"https:\\\/\\\/globalattitude.org.br\\\/saiu-veja-os-delegados-que-representarao-o-brasil-no-spring-meetings-2016\\\/\"},\"author\":{\"name\":\"123esite\",\"@id\":\"http:\\\/\\\/globalattitude.org.br\\\/#\\\/schema\\\/person\\\/6d308f9d9d1eebad0278ad9386f13169\"},\"headline\":\"Saiu! Conhe\u00e7a os delegados que ir\u00e3o ao Spring Meetings 2016\",\"datePublished\":\"2016-04-01T17:31:00+00:00\",\"dateModified\":\"2023-03-10T13:00:44+00:00\",\"mainEntityOfPage\":{\"@id\":\"https:\\\/\\\/globalattitude.org.br\\\/saiu-veja-os-delegados-que-representarao-o-brasil-no-spring-meetings-2016\\\/\"},\"wordCount\":733,\"commentCount\":0,\"publisher\":{\"@id\":\"http:\\\/\\\/globalattitude.org.br\\\/#organization\"},\"image\":{\"@id\":\"https:\\\/\\\/globalattitude.org.br\\\/saiu-veja-os-delegados-que-representarao-o-brasil-no-spring-meetings-2016\\\/#primaryimage\"},\"thumbnailUrl\":\"https:\\\/\\\/globalattitude.org.br\\\/wp-content\\\/uploads\\\/2023\\\/03\\\/Captura-de-Tela-2016-03-30-as-17.00.02.jpg\",\"articleSection\":[\"Programas\",\"\u00daltimas\"],\"inLanguage\":\"en-US\",\"potentialAction\":[{\"@type\":\"CommentAction\",\"name\":\"Comment\",\"target\":[\"https:\\\/\\\/globalattitude.org.br\\\/saiu-veja-os-delegados-que-representarao-o-brasil-no-spring-meetings-2016\\\/#respond\"]}]},{\"@type\":\"WebPage\",\"@id\":\"https:\\\/\\\/globalattitude.org.br\\\/saiu-veja-os-delegados-que-representarao-o-brasil-no-spring-meetings-2016\\\/\",\"url\":\"https:\\\/\\\/globalattitude.org.br\\\/saiu-veja-os-delegados-que-representarao-o-brasil-no-spring-meetings-2016\\\/\",\"name\":\"Saiu! Conhe\u00e7a os delegados que ir\u00e3o ao Spring Meetings 2016 - Instituto Global Attitude\",\"isPartOf\":{\"@id\":\"http:\\\/\\\/globalattitude.org.br\\\/#website\"},\"primaryImageOfPage\":{\"@id\":\"https:\\\/\\\/globalattitude.org.br\\\/saiu-veja-os-delegados-que-representarao-o-brasil-no-spring-meetings-2016\\\/#primaryimage\"},\"image\":{\"@id\":\"https:\\\/\\\/globalattitude.org.br\\\/saiu-veja-os-delegados-que-representarao-o-brasil-no-spring-meetings-2016\\\/#primaryimage\"},\"thumbnailUrl\":\"https:\\\/\\\/globalattitude.org.br\\\/wp-content\\\/uploads\\\/2023\\\/03\\\/Captura-de-Tela-2016-03-30-as-17.00.02.jpg\",\"datePublished\":\"2016-04-01T17:31:00+00:00\",\"dateModified\":\"2023-03-10T13:00:44+00:00\",\"breadcrumb\":{\"@id\":\"https:\\\/\\\/globalattitude.org.br\\\/saiu-veja-os-delegados-que-representarao-o-brasil-no-spring-meetings-2016\\\/#breadcrumb\"},\"inLanguage\":\"en-US\",\"potentialAction\":[{\"@type\":\"ReadAction\",\"target\":[\"https:\\\/\\\/globalattitude.org.br\\\/saiu-veja-os-delegados-que-representarao-o-brasil-no-spring-meetings-2016\\\/\"]}]},{\"@type\":\"ImageObject\",\"inLanguage\":\"en-US\",\"@id\":\"https:\\\/\\\/globalattitude.org.br\\\/saiu-veja-os-delegados-que-representarao-o-brasil-no-spring-meetings-2016\\\/#primaryimage\",\"url\":\"https:\\\/\\\/globalattitude.org.br\\\/wp-content\\\/uploads\\\/2023\\\/03\\\/Captura-de-Tela-2016-03-30-as-17.00.02.jpg\",\"contentUrl\":\"https:\\\/\\\/globalattitude.org.br\\\/wp-content\\\/uploads\\\/2023\\\/03\\\/Captura-de-Tela-2016-03-30-as-17.00.02.jpg\",\"width\":200,\"height\":200},{\"@type\":\"BreadcrumbList\",\"@id\":\"https:\\\/\\\/globalattitude.org.br\\\/saiu-veja-os-delegados-que-representarao-o-brasil-no-spring-meetings-2016\\\/#breadcrumb\",\"itemListElement\":[{\"@type\":\"ListItem\",\"position\":1,\"name\":\"In\u00edcio\",\"item\":\"https:\\\/\\\/globalattitude.org.br\\\/en\\\/\"},{\"@type\":\"ListItem\",\"position\":2,\"name\":\"Saiu! Conhe\u00e7a os delegados que ir\u00e3o ao Spring Meetings 2016\"}]},{\"@type\":\"WebSite\",\"@id\":\"http:\\\/\\\/globalattitude.org.br\\\/#website\",\"url\":\"http:\\\/\\\/globalattitude.org.br\\\/\",\"name\":\"Instituto Global Attitude\",\"description\":\"\",\"publisher\":{\"@id\":\"http:\\\/\\\/globalattitude.org.br\\\/#organization\"},\"potentialAction\":[{\"@type\":\"SearchAction\",\"target\":{\"@type\":\"EntryPoint\",\"urlTemplate\":\"http:\\\/\\\/globalattitude.org.br\\\/?s={search_term_string}\"},\"query-input\":{\"@type\":\"PropertyValueSpecification\",\"valueRequired\":true,\"valueName\":\"search_term_string\"}}],\"inLanguage\":\"en-US\"},{\"@type\":\"Organization\",\"@id\":\"http:\\\/\\\/globalattitude.org.br\\\/#organization\",\"name\":\"Instituto Global Attitude\",\"url\":\"http:\\\/\\\/globalattitude.org.br\\\/\",\"logo\":{\"@type\":\"ImageObject\",\"inLanguage\":\"en-US\",\"@id\":\"http:\\\/\\\/globalattitude.org.br\\\/#\\\/schema\\\/logo\\\/image\\\/\",\"url\":\"https:\\\/\\\/globalattitude.org.br\\\/wp-content\\\/uploads\\\/2023\\\/01\\\/instituto-global-attitude-color.png\",\"contentUrl\":\"https:\\\/\\\/globalattitude.org.br\\\/wp-content\\\/uploads\\\/2023\\\/01\\\/instituto-global-attitude-color.png\",\"width\":300,\"height\":131,\"caption\":\"Instituto Global Attitude\"},\"image\":{\"@id\":\"http:\\\/\\\/globalattitude.org.br\\\/#\\\/schema\\\/logo\\\/image\\\/\"},\"sameAs\":[\"https:\\\/\\\/www.facebook.com\\\/global.attitude.org\\\/\",\"https:\\\/\\\/x.com\\\/global_attitude\",\"https:\\\/\\\/www.instagram.com\\\/globalattitude\",\"https:\\\/\\\/www.linkedin.com\\\/company\\\/global-attitude\\\/?viewAsMember=true\"]},{\"@type\":\"Person\",\"@id\":\"http:\\\/\\\/globalattitude.org.br\\\/#\\\/schema\\\/person\\\/6d308f9d9d1eebad0278ad9386f13169\",\"name\":\"123esite\",\"image\":{\"@type\":\"ImageObject\",\"inLanguage\":\"en-US\",\"@id\":\"https:\\\/\\\/secure.gravatar.com\\\/avatar\\\/07bd71fac19f42004f2b73567f012e126689afdb23cb0017536dea9113ba1806?s=96&d=mm&r=g\",\"url\":\"https:\\\/\\\/secure.gravatar.com\\\/avatar\\\/07bd71fac19f42004f2b73567f012e126689afdb23cb0017536dea9113ba1806?s=96&d=mm&r=g\",\"contentUrl\":\"https:\\\/\\\/secure.gravatar.com\\\/avatar\\\/07bd71fac19f42004f2b73567f012e126689afdb23cb0017536dea9113ba1806?s=96&d=mm&r=g\",\"caption\":\"123esite\"},\"sameAs\":[\"http:\\\/\\\/globalattitude.org.br\"],\"url\":\"https:\\\/\\\/globalattitude.org.br\\\/en\\\/author\\\/123esite\\\/\"}]}<\/script>\n<!-- \/ Yoast SEO plugin. -->","yoast_head_json":{"title":"Saiu! Conhe\u00e7a os delegados que ir\u00e3o ao Spring Meetings 2016 - Instituto Global Attitude","robots":{"index":"index","follow":"follow","max-snippet":"max-snippet:-1","max-image-preview":"max-image-preview:large","max-video-preview":"max-video-preview:-1"},"canonical":"https:\/\/globalattitude.org.br\/saiu-veja-os-delegados-que-representarao-o-brasil-no-spring-meetings-2016\/","og_locale":"en_US","og_type":"article","og_title":"Saiu! Conhe\u00e7a os delegados que ir\u00e3o ao Spring Meetings 2016 - Instituto Global Attitude","og_description":"A espera chegou ao fim. Ap\u00f3s um longo processo de sele\u00e7\u00e3o, que contou com candidatos bem preparados e com\u00a0\u00f3timas ideias, o Instituto Global Attitude tem o prazer de anunciar a delega\u00e7\u00e3o que ir\u00e1 participar do\u00a0f\u00f3rum Spring Meetings 2016, em Washington, Estados Unidos, a ser realizado entre os dias 12 e 17 de abril. Conhe\u00e7a um [&hellip;]","og_url":"https:\/\/globalattitude.org.br\/saiu-veja-os-delegados-que-representarao-o-brasil-no-spring-meetings-2016\/","og_site_name":"Instituto Global Attitude","article_publisher":"https:\/\/www.facebook.com\/global.attitude.org\/","article_published_time":"2016-04-01T17:31:00+00:00","article_modified_time":"2023-03-10T13:00:44+00:00","og_image":[{"width":200,"height":200,"url":"https:\/\/globalattitude.org.br\/wp-content\/uploads\/2023\/03\/Captura-de-Tela-2016-03-30-as-17.00.02.jpg","type":"image\/jpeg"}],"author":"123esite","twitter_card":"summary_large_image","twitter_creator":"@global_attitude","twitter_site":"@global_attitude","twitter_misc":{"Written by":"123esite","Est. reading time":"4 minutes"},"schema":{"@context":"https:\/\/schema.org","@graph":[{"@type":["Article","BlogPosting"],"@id":"https:\/\/globalattitude.org.br\/saiu-veja-os-delegados-que-representarao-o-brasil-no-spring-meetings-2016\/#article","isPartOf":{"@id":"https:\/\/globalattitude.org.br\/saiu-veja-os-delegados-que-representarao-o-brasil-no-spring-meetings-2016\/"},"author":{"name":"123esite","@id":"http:\/\/globalattitude.org.br\/#\/schema\/person\/6d308f9d9d1eebad0278ad9386f13169"},"headline":"Saiu! Conhe\u00e7a os delegados que ir\u00e3o ao Spring Meetings 2016","datePublished":"2016-04-01T17:31:00+00:00","dateModified":"2023-03-10T13:00:44+00:00","mainEntityOfPage":{"@id":"https:\/\/globalattitude.org.br\/saiu-veja-os-delegados-que-representarao-o-brasil-no-spring-meetings-2016\/"},"wordCount":733,"commentCount":0,"publisher":{"@id":"http:\/\/globalattitude.org.br\/#organization"},"image":{"@id":"https:\/\/globalattitude.org.br\/saiu-veja-os-delegados-que-representarao-o-brasil-no-spring-meetings-2016\/#primaryimage"},"thumbnailUrl":"https:\/\/globalattitude.org.br\/wp-content\/uploads\/2023\/03\/Captura-de-Tela-2016-03-30-as-17.00.02.jpg","articleSection":["Programas","\u00daltimas"],"inLanguage":"en-US","potentialAction":[{"@type":"CommentAction","name":"Comment","target":["https:\/\/globalattitude.org.br\/saiu-veja-os-delegados-que-representarao-o-brasil-no-spring-meetings-2016\/#respond"]}]},{"@type":"WebPage","@id":"https:\/\/globalattitude.org.br\/saiu-veja-os-delegados-que-representarao-o-brasil-no-spring-meetings-2016\/","url":"https:\/\/globalattitude.org.br\/saiu-veja-os-delegados-que-representarao-o-brasil-no-spring-meetings-2016\/","name":"Saiu! Conhe\u00e7a os delegados que ir\u00e3o ao Spring Meetings 2016 - Instituto Global Attitude","isPartOf":{"@id":"http:\/\/globalattitude.org.br\/#website"},"primaryImageOfPage":{"@id":"https:\/\/globalattitude.org.br\/saiu-veja-os-delegados-que-representarao-o-brasil-no-spring-meetings-2016\/#primaryimage"},"image":{"@id":"https:\/\/globalattitude.org.br\/saiu-veja-os-delegados-que-representarao-o-brasil-no-spring-meetings-2016\/#primaryimage"},"thumbnailUrl":"https:\/\/globalattitude.org.br\/wp-content\/uploads\/2023\/03\/Captura-de-Tela-2016-03-30-as-17.00.02.jpg","datePublished":"2016-04-01T17:31:00+00:00","dateModified":"2023-03-10T13:00:44+00:00","breadcrumb":{"@id":"https:\/\/globalattitude.org.br\/saiu-veja-os-delegados-que-representarao-o-brasil-no-spring-meetings-2016\/#breadcrumb"},"inLanguage":"en-US","potentialAction":[{"@type":"ReadAction","target":["https:\/\/globalattitude.org.br\/saiu-veja-os-delegados-que-representarao-o-brasil-no-spring-meetings-2016\/"]}]},{"@type":"ImageObject","inLanguage":"en-US","@id":"https:\/\/globalattitude.org.br\/saiu-veja-os-delegados-que-representarao-o-brasil-no-spring-meetings-2016\/#primaryimage","url":"https:\/\/globalattitude.org.br\/wp-content\/uploads\/2023\/03\/Captura-de-Tela-2016-03-30-as-17.00.02.jpg","contentUrl":"https:\/\/globalattitude.org.br\/wp-content\/uploads\/2023\/03\/Captura-de-Tela-2016-03-30-as-17.00.02.jpg","width":200,"height":200},{"@type":"BreadcrumbList","@id":"https:\/\/globalattitude.org.br\/saiu-veja-os-delegados-que-representarao-o-brasil-no-spring-meetings-2016\/#breadcrumb","itemListElement":[{"@type":"ListItem","position":1,"name":"In\u00edcio","item":"https:\/\/globalattitude.org.br\/en\/"},{"@type":"ListItem","position":2,"name":"Saiu! Conhe\u00e7a os delegados que ir\u00e3o ao Spring Meetings 2016"}]},{"@type":"WebSite","@id":"http:\/\/globalattitude.org.br\/#website","url":"http:\/\/globalattitude.org.br\/","name":"Instituto Global Attitude","description":"","publisher":{"@id":"http:\/\/globalattitude.org.br\/#organization"},"potentialAction":[{"@type":"SearchAction","target":{"@type":"EntryPoint","urlTemplate":"http:\/\/globalattitude.org.br\/?s={search_term_string}"},"query-input":{"@type":"PropertyValueSpecification","valueRequired":true,"valueName":"search_term_string"}}],"inLanguage":"en-US"},{"@type":"Organization","@id":"http:\/\/globalattitude.org.br\/#organization","name":"Instituto Global Attitude","url":"http:\/\/globalattitude.org.br\/","logo":{"@type":"ImageObject","inLanguage":"en-US","@id":"http:\/\/globalattitude.org.br\/#\/schema\/logo\/image\/","url":"https:\/\/globalattitude.org.br\/wp-content\/uploads\/2023\/01\/instituto-global-attitude-color.png","contentUrl":"https:\/\/globalattitude.org.br\/wp-content\/uploads\/2023\/01\/instituto-global-attitude-color.png","width":300,"height":131,"caption":"Instituto Global Attitude"},"image":{"@id":"http:\/\/globalattitude.org.br\/#\/schema\/logo\/image\/"},"sameAs":["https:\/\/www.facebook.com\/global.attitude.org\/","https:\/\/x.com\/global_attitude","https:\/\/www.instagram.com\/globalattitude","https:\/\/www.linkedin.com\/company\/global-attitude\/?viewAsMember=true"]},{"@type":"Person","@id":"http:\/\/globalattitude.org.br\/#\/schema\/person\/6d308f9d9d1eebad0278ad9386f13169","name":"123esite","image":{"@type":"ImageObject","inLanguage":"en-US","@id":"https:\/\/secure.gravatar.com\/avatar\/07bd71fac19f42004f2b73567f012e126689afdb23cb0017536dea9113ba1806?s=96&d=mm&r=g","url":"https:\/\/secure.gravatar.com\/avatar\/07bd71fac19f42004f2b73567f012e126689afdb23cb0017536dea9113ba1806?s=96&d=mm&r=g","contentUrl":"https:\/\/secure.gravatar.com\/avatar\/07bd71fac19f42004f2b73567f012e126689afdb23cb0017536dea9113ba1806?s=96&d=mm&r=g","caption":"123esite"},"sameAs":["http:\/\/globalattitude.org.br"],"url":"https:\/\/globalattitude.org.br\/en\/author\/123esite\/"}]}},"_links":{"self":[{"href":"https:\/\/globalattitude.org.br\/en\/wp-json\/wp\/v2\/posts\/952","targetHints":{"allow":["GET"]}}],"collection":[{"href":"https:\/\/globalattitude.org.br\/en\/wp-json\/wp\/v2\/posts"}],"about":[{"href":"https:\/\/globalattitude.org.br\/en\/wp-json\/wp\/v2\/types\/post"}],"author":[{"embeddable":true,"href":"https:\/\/globalattitude.org.br\/en\/wp-json\/wp\/v2\/users\/1"}],"replies":[{"embeddable":true,"href":"https:\/\/globalattitude.org.br\/en\/wp-json\/wp\/v2\/comments?post=952"}],"version-history":[{"count":1,"href":"https:\/\/globalattitude.org.br\/en\/wp-json\/wp\/v2\/posts\/952\/revisions"}],"predecessor-version":[{"id":957,"href":"https:\/\/globalattitude.org.br\/en\/wp-json\/wp\/v2\/posts\/952\/revisions\/957"}],"wp:featuredmedia":[{"embeddable":true,"href":"https:\/\/globalattitude.org.br\/en\/wp-json\/wp\/v2\/media\/953"}],"wp:attachment":[{"href":"https:\/\/globalattitude.org.br\/en\/wp-json\/wp\/v2\/media?parent=952"}],"wp:term":[{"taxonomy":"category","embeddable":true,"href":"https:\/\/globalattitude.org.br\/en\/wp-json\/wp\/v2\/categories?post=952"},{"taxonomy":"post_tag","embeddable":true,"href":"https:\/\/globalattitude.org.br\/en\/wp-json\/wp\/v2\/tags?post=952"}],"curies":[{"name":"wp","href":"https:\/\/api.w.org\/{rel}","templated":true}]}}