{"id":986,"date":"2016-04-13T16:06:46","date_gmt":"2016-04-13T19:06:46","guid":{"rendered":"https:\/\/globalattitude.org.br\/paises-da-uniao-europeia-se-enfurecem-com-novas-negociacoes-com-mercosul\/"},"modified":"2023-03-10T10:01:08","modified_gmt":"2023-03-10T13:01:08","slug":"paises-da-uniao-europeia-se-enfurecem-com-novas-negociacoes-com-mercosul","status":"publish","type":"post","link":"https:\/\/globalattitude.org.br\/en\/paises-da-uniao-europeia-se-enfurecem-com-novas-negociacoes-com-mercosul\/","title":{"rendered":"Pa\u00edses da Uni\u00e3o Europeia se enfurecem com novas negocia\u00e7\u00f5es com Mercosul"},"content":{"rendered":"<p>Liderado pela Fran\u00e7a, um grupo de 13 pa\u00edses integrantes da <a href=\"http:\/\/europa.eu\/index_pt.htm\">Uni\u00e3o Europeia<\/a> (UE) enfureceu-se com a proposta que o bloco econ\u00f4mico fez ao <a href=\"http:\/\/www.mercosul.gov.br\/\">Mercosul<\/a>. Segundo o site de not\u00edcias <a href=\"http:\/\/www.politico.eu\/\">Politico<\/a>, os pa\u00edses afirmaram em uma carta que &#8220;se op\u00f5em \u00e0s propostas de cotas em produtos considerados sens\u00edveis, oferta que ser\u00e1 apresentada ao Mercosul nos pr\u00f3ximos meses&#8221;.<br \/>\nA revolta vem acompanhada de um aviso do principal lobby de agricultura europeu, <a href=\"http:\/\/www.copa-cogeca.be\/Menu.aspx\">Copa-Cogeca<\/a>, que disse que, na tentativa de reduzir tarifas e outras restri\u00e7\u00f5es que impedem o livre com\u00e9rcio, a decis\u00e3o de trocar ofertas de acesso de mercado entre os dois blocos teria um &#8220;impacto catastr\u00f3fico&#8221;.<br \/>\nOs assinantes da carta, \u00c1ustria, Chipre, Est\u00f4nia, Fran\u00e7a, Gr\u00e9cia, Hungria, Irlanda, Let\u00f4nia, Litu\u00e2nia, Luxemburgo, Pol\u00f4nia, Rom\u00eania e Eslov\u00eania, dizem, ainda, que o setor de agricultura da UE est\u00e1 enfrentando uma &#8220;crise particularmente dif\u00edcil&#8221; e que uma oferta de livre com\u00e9rcio com o Mercosul reduziria as restri\u00e7\u00f5es de importa\u00e7\u00e3o para o bloco. Isso &#8220;provavelmente seria visto como uma provoca\u00e7\u00e3o aos fazendeiros&#8221;.<br \/>\nSegundo um oficial da UE outros pa\u00edses tamb\u00e9m t\u00eam apoiado os argumentos da carta.<br \/>\n<strong>Efeito cascata<\/strong><br \/>\nOs 13 pa\u00edses alertam para um &#8220;efeito cascata&#8221; em rela\u00e7\u00e3o a todas as atuais negocia\u00e7\u00f5es, em particular as estabelecidas com os Estados Unidos. Eles exigem, ainda, uma aprofundada avalia\u00e7\u00e3o de impacto das consequ\u00eancias em facilitar o com\u00e9rcio com o Mercosul.<br \/>\nPara a \u00c1ustria, o mandato de negocia\u00e7\u00e3o da UE, vigente h\u00e1 15 anos, deve ser alterado.<br \/>\n<strong>A proposta<\/strong><br \/>\nA Uni\u00e3o Europeia e o Mercosul planejam trocar ofertas de acesso de mercado, especificando maneiras de aumentar reciprocamente a abertura aos bens e servi\u00e7os, incluindo o acesso a concursos p\u00fablicos. A ideia \u00e9 dar in\u00edcio a este processo na segunda semana de maio.<\/p>\n<p><a href=\"http:\/\/globalattitude.org.br\/wp-content\/uploads\/2023\/03\/malmstrom.jpg\" rel=\"attachment wp-att-2143\"><img fetchpriority=\"high\" decoding=\"async\" class=\"size-medium wp-image-2143 alignleft\" src=\"http:\/\/globalattitude.org.br\/wp-content\/uploads\/2023\/03\/malmstrom-300x200.jpg\" alt=\"Hearing of Cecilia Malmstr\u00f6m\" width=\"300\" height=\"200\" \/><\/a><\/p>\n<p>A Comiss\u00e1ria de Com\u00e9rcio da Uni\u00e3o Europeia, Cecilia Malmstr\u00f6m, disse em entrevista \u00e0 ag\u00eancia de not\u00edcias <a href=\"http:\/\/en.mercopress.com\/\">MercoPress<\/a> estar contente com o avan\u00e7ar destas negocia\u00e7\u00f5es de longo prazo. &#8220;A Europa tem fortes conex\u00f5es econ\u00f4micas e pol\u00edticas com a Am\u00e9rica Latina. Melhorar as condi\u00e7\u00f5es comerciais entre a UE e os pa\u00edses do Mercosul traria importantes benef\u00edcios para as nossas economias. Ambos os lados est\u00e3o se comprometendo e confio que a pr\u00f3xima troca de ofertas nos permitir\u00e1 dar sequ\u00eancia com sucesso a estas negocia\u00e7\u00f5es, em um acordo ambicioso e abrangente&#8221;.<br \/>\nOs dois blocos econ\u00f4micos fizeram intensas negocia\u00e7\u00f5es entre 1999 e 2004. Neste \u00faltimo ano, ap\u00f3s uma troca de ofertas de mercado malsucedida, as negocia\u00e7\u00f5es foram suspensas por cerca de seis anos, retomando apenas em 2010, com uma rodada de nove negocia\u00e7\u00f5es que serviriam de prepara\u00e7\u00e3o para a oferta final deste ano.<br \/>\nVale lembrar que a Uni\u00e3o Europeia \u00e9 a primeira parceira de negocia\u00e7\u00f5es do Mercosul, sendo uma importante fornecedora de servi\u00e7os comerciais, assim como a maior investidora estrangeira da regi\u00e3o. As empresas da UE pagam mais de 4 bilh\u00f5es de euros anualmente em impostos de tarifas para exportar aos pa\u00edses do Mercosul.<\/p>\n","protected":false},"excerpt":{"rendered":"<p>Liderado pela Fran\u00e7a, um grupo de 13 pa\u00edses integrantes da Uni\u00e3o Europeia (UE) enfureceu-se com a proposta que o bloco econ\u00f4mico fez ao Mercosul. Segundo o site de not\u00edcias Politico, os pa\u00edses afirmaram em uma carta que &#8220;se op\u00f5em \u00e0s propostas de cotas em produtos considerados sens\u00edveis, oferta que ser\u00e1 apresentada ao Mercosul nos pr\u00f3ximos [&hellip;]<\/p>\n","protected":false},"author":1,"featured_media":987,"comment_status":"open","ping_status":"open","sticky":false,"template":"","format":"standard","meta":{"_acf_changed":false,"om_disable_all_campaigns":false,"_monsterinsights_skip_tracking":false,"_monsterinsights_sitenote_active":false,"_monsterinsights_sitenote_note":"","_monsterinsights_sitenote_category":0,"_uf_show_specific_survey":0,"_uf_disable_surveys":false,"footnotes":""},"categories":[35,34],"tags":[],"class_list":["post-986","post","type-post","status-publish","format-standard","hentry","category-opiniao","category-ultimas"],"acf":[],"aioseo_notices":[],"yoast_head":"<!-- This site is optimized with the Yoast SEO plugin v27.5 - https:\/\/yoast.com\/product\/yoast-seo-wordpress\/ -->\n<title>Pa\u00edses da Uni\u00e3o Europeia se enfurecem com novas negocia\u00e7\u00f5es com Mercosul - Instituto Global Attitude<\/title>\n<meta name=\"robots\" content=\"index, follow, max-snippet:-1, max-image-preview:large, max-video-preview:-1\" \/>\n<link rel=\"canonical\" href=\"https:\/\/globalattitude.org.br\/paises-da-uniao-europeia-se-enfurecem-com-novas-negociacoes-com-mercosul\/\" \/>\n<meta property=\"og:locale\" content=\"en_US\" \/>\n<meta property=\"og:type\" content=\"article\" \/>\n<meta property=\"og:title\" content=\"Pa\u00edses da Uni\u00e3o Europeia se enfurecem com novas negocia\u00e7\u00f5es com Mercosul - Instituto Global Attitude\" \/>\n<meta property=\"og:description\" content=\"Liderado pela Fran\u00e7a, um grupo de 13 pa\u00edses integrantes da Uni\u00e3o Europeia (UE) enfureceu-se com a proposta que o bloco econ\u00f4mico fez ao Mercosul. Segundo o site de not\u00edcias Politico, os pa\u00edses afirmaram em uma carta que &#8220;se op\u00f5em \u00e0s propostas de cotas em produtos considerados sens\u00edveis, oferta que ser\u00e1 apresentada ao Mercosul nos pr\u00f3ximos [&hellip;]\" \/>\n<meta property=\"og:url\" content=\"https:\/\/globalattitude.org.br\/paises-da-uniao-europeia-se-enfurecem-com-novas-negociacoes-com-mercosul\/\" \/>\n<meta property=\"og:site_name\" content=\"Instituto Global Attitude\" \/>\n<meta property=\"article:publisher\" content=\"https:\/\/www.facebook.com\/global.attitude.org\/\" \/>\n<meta property=\"article:published_time\" content=\"2016-04-13T19:06:46+00:00\" \/>\n<meta property=\"article:modified_time\" content=\"2023-03-10T13:01:08+00:00\" \/>\n<meta property=\"og:image\" content=\"https:\/\/globalattitude.org.br\/wp-content\/uploads\/2023\/03\/malmstrom.jpg\" \/>\n\t<meta property=\"og:image:width\" content=\"600\" \/>\n\t<meta property=\"og:image:height\" content=\"400\" \/>\n\t<meta property=\"og:image:type\" content=\"image\/jpeg\" \/>\n<meta name=\"author\" content=\"123esite\" \/>\n<meta name=\"twitter:card\" content=\"summary_large_image\" \/>\n<meta name=\"twitter:creator\" content=\"@global_attitude\" \/>\n<meta name=\"twitter:site\" content=\"@global_attitude\" \/>\n<meta name=\"twitter:label1\" content=\"Written by\" \/>\n\t<meta name=\"twitter:data1\" content=\"123esite\" \/>\n\t<meta name=\"twitter:label2\" content=\"Est. reading time\" \/>\n\t<meta name=\"twitter:data2\" content=\"3 minutes\" \/>\n<script type=\"application\/ld+json\" class=\"yoast-schema-graph\">{\"@context\":\"https:\\\/\\\/schema.org\",\"@graph\":[{\"@type\":[\"Article\",\"BlogPosting\"],\"@id\":\"https:\\\/\\\/globalattitude.org.br\\\/paises-da-uniao-europeia-se-enfurecem-com-novas-negociacoes-com-mercosul\\\/#article\",\"isPartOf\":{\"@id\":\"https:\\\/\\\/globalattitude.org.br\\\/paises-da-uniao-europeia-se-enfurecem-com-novas-negociacoes-com-mercosul\\\/\"},\"author\":{\"name\":\"123esite\",\"@id\":\"https:\\\/\\\/globalattitude.org.br\\\/en\\\/#\\\/schema\\\/person\\\/6d308f9d9d1eebad0278ad9386f13169\"},\"headline\":\"Pa\u00edses da Uni\u00e3o Europeia se enfurecem com novas negocia\u00e7\u00f5es com Mercosul\",\"datePublished\":\"2016-04-13T19:06:46+00:00\",\"dateModified\":\"2023-03-10T13:01:08+00:00\",\"mainEntityOfPage\":{\"@id\":\"https:\\\/\\\/globalattitude.org.br\\\/paises-da-uniao-europeia-se-enfurecem-com-novas-negociacoes-com-mercosul\\\/\"},\"wordCount\":544,\"commentCount\":0,\"publisher\":{\"@id\":\"https:\\\/\\\/globalattitude.org.br\\\/en\\\/#organization\"},\"image\":{\"@id\":\"https:\\\/\\\/globalattitude.org.br\\\/paises-da-uniao-europeia-se-enfurecem-com-novas-negociacoes-com-mercosul\\\/#primaryimage\"},\"thumbnailUrl\":\"https:\\\/\\\/globalattitude.org.br\\\/wp-content\\\/uploads\\\/2023\\\/03\\\/malmstrom.jpg\",\"articleSection\":[\"Opini\u00e3o\",\"\u00daltimas\"],\"inLanguage\":\"en-US\",\"potentialAction\":[{\"@type\":\"CommentAction\",\"name\":\"Comment\",\"target\":[\"https:\\\/\\\/globalattitude.org.br\\\/paises-da-uniao-europeia-se-enfurecem-com-novas-negociacoes-com-mercosul\\\/#respond\"]}]},{\"@type\":\"WebPage\",\"@id\":\"https:\\\/\\\/globalattitude.org.br\\\/paises-da-uniao-europeia-se-enfurecem-com-novas-negociacoes-com-mercosul\\\/\",\"url\":\"https:\\\/\\\/globalattitude.org.br\\\/paises-da-uniao-europeia-se-enfurecem-com-novas-negociacoes-com-mercosul\\\/\",\"name\":\"Pa\u00edses da Uni\u00e3o Europeia se enfurecem com novas negocia\u00e7\u00f5es com Mercosul - Instituto Global Attitude\",\"isPartOf\":{\"@id\":\"https:\\\/\\\/globalattitude.org.br\\\/en\\\/#website\"},\"primaryImageOfPage\":{\"@id\":\"https:\\\/\\\/globalattitude.org.br\\\/paises-da-uniao-europeia-se-enfurecem-com-novas-negociacoes-com-mercosul\\\/#primaryimage\"},\"image\":{\"@id\":\"https:\\\/\\\/globalattitude.org.br\\\/paises-da-uniao-europeia-se-enfurecem-com-novas-negociacoes-com-mercosul\\\/#primaryimage\"},\"thumbnailUrl\":\"https:\\\/\\\/globalattitude.org.br\\\/wp-content\\\/uploads\\\/2023\\\/03\\\/malmstrom.jpg\",\"datePublished\":\"2016-04-13T19:06:46+00:00\",\"dateModified\":\"2023-03-10T13:01:08+00:00\",\"breadcrumb\":{\"@id\":\"https:\\\/\\\/globalattitude.org.br\\\/paises-da-uniao-europeia-se-enfurecem-com-novas-negociacoes-com-mercosul\\\/#breadcrumb\"},\"inLanguage\":\"en-US\",\"potentialAction\":[{\"@type\":\"ReadAction\",\"target\":[\"https:\\\/\\\/globalattitude.org.br\\\/paises-da-uniao-europeia-se-enfurecem-com-novas-negociacoes-com-mercosul\\\/\"]}]},{\"@type\":\"ImageObject\",\"inLanguage\":\"en-US\",\"@id\":\"https:\\\/\\\/globalattitude.org.br\\\/paises-da-uniao-europeia-se-enfurecem-com-novas-negociacoes-com-mercosul\\\/#primaryimage\",\"url\":\"https:\\\/\\\/globalattitude.org.br\\\/wp-content\\\/uploads\\\/2023\\\/03\\\/malmstrom.jpg\",\"contentUrl\":\"https:\\\/\\\/globalattitude.org.br\\\/wp-content\\\/uploads\\\/2023\\\/03\\\/malmstrom.jpg\",\"width\":600,\"height\":400},{\"@type\":\"BreadcrumbList\",\"@id\":\"https:\\\/\\\/globalattitude.org.br\\\/paises-da-uniao-europeia-se-enfurecem-com-novas-negociacoes-com-mercosul\\\/#breadcrumb\",\"itemListElement\":[{\"@type\":\"ListItem\",\"position\":1,\"name\":\"In\u00edcio\",\"item\":\"https:\\\/\\\/globalattitude.org.br\\\/en\\\/\"},{\"@type\":\"ListItem\",\"position\":2,\"name\":\"Pa\u00edses da Uni\u00e3o Europeia se enfurecem com novas negocia\u00e7\u00f5es com Mercosul\"}]},{\"@type\":\"WebSite\",\"@id\":\"https:\\\/\\\/globalattitude.org.br\\\/en\\\/#website\",\"url\":\"https:\\\/\\\/globalattitude.org.br\\\/en\\\/\",\"name\":\"Instituto Global Attitude\",\"description\":\"\",\"publisher\":{\"@id\":\"https:\\\/\\\/globalattitude.org.br\\\/en\\\/#organization\"},\"potentialAction\":[{\"@type\":\"SearchAction\",\"target\":{\"@type\":\"EntryPoint\",\"urlTemplate\":\"https:\\\/\\\/globalattitude.org.br\\\/en\\\/?s={search_term_string}\"},\"query-input\":{\"@type\":\"PropertyValueSpecification\",\"valueRequired\":true,\"valueName\":\"search_term_string\"}}],\"inLanguage\":\"en-US\"},{\"@type\":\"Organization\",\"@id\":\"https:\\\/\\\/globalattitude.org.br\\\/en\\\/#organization\",\"name\":\"Instituto Global Attitude\",\"url\":\"https:\\\/\\\/globalattitude.org.br\\\/en\\\/\",\"logo\":{\"@type\":\"ImageObject\",\"inLanguage\":\"en-US\",\"@id\":\"https:\\\/\\\/globalattitude.org.br\\\/en\\\/#\\\/schema\\\/logo\\\/image\\\/\",\"url\":\"https:\\\/\\\/globalattitude.org.br\\\/wp-content\\\/uploads\\\/2023\\\/01\\\/instituto-global-attitude-color.png\",\"contentUrl\":\"https:\\\/\\\/globalattitude.org.br\\\/wp-content\\\/uploads\\\/2023\\\/01\\\/instituto-global-attitude-color.png\",\"width\":300,\"height\":131,\"caption\":\"Instituto Global Attitude\"},\"image\":{\"@id\":\"https:\\\/\\\/globalattitude.org.br\\\/en\\\/#\\\/schema\\\/logo\\\/image\\\/\"},\"sameAs\":[\"https:\\\/\\\/www.facebook.com\\\/global.attitude.org\\\/\",\"https:\\\/\\\/x.com\\\/global_attitude\",\"https:\\\/\\\/www.instagram.com\\\/globalattitude\",\"https:\\\/\\\/www.linkedin.com\\\/company\\\/global-attitude\\\/?viewAsMember=true\"]},{\"@type\":\"Person\",\"@id\":\"https:\\\/\\\/globalattitude.org.br\\\/en\\\/#\\\/schema\\\/person\\\/6d308f9d9d1eebad0278ad9386f13169\",\"name\":\"123esite\",\"image\":{\"@type\":\"ImageObject\",\"inLanguage\":\"en-US\",\"@id\":\"https:\\\/\\\/secure.gravatar.com\\\/avatar\\\/07bd71fac19f42004f2b73567f012e126689afdb23cb0017536dea9113ba1806?s=96&d=mm&r=g\",\"url\":\"https:\\\/\\\/secure.gravatar.com\\\/avatar\\\/07bd71fac19f42004f2b73567f012e126689afdb23cb0017536dea9113ba1806?s=96&d=mm&r=g\",\"contentUrl\":\"https:\\\/\\\/secure.gravatar.com\\\/avatar\\\/07bd71fac19f42004f2b73567f012e126689afdb23cb0017536dea9113ba1806?s=96&d=mm&r=g\",\"caption\":\"123esite\"},\"sameAs\":[\"http:\\\/\\\/globalattitude.org.br\"],\"url\":\"https:\\\/\\\/globalattitude.org.br\\\/en\\\/author\\\/123esite\\\/\"}]}<\/script>\n<!-- \/ Yoast SEO plugin. -->","yoast_head_json":{"title":"Pa\u00edses da Uni\u00e3o Europeia se enfurecem com novas negocia\u00e7\u00f5es com Mercosul - Instituto Global Attitude","robots":{"index":"index","follow":"follow","max-snippet":"max-snippet:-1","max-image-preview":"max-image-preview:large","max-video-preview":"max-video-preview:-1"},"canonical":"https:\/\/globalattitude.org.br\/paises-da-uniao-europeia-se-enfurecem-com-novas-negociacoes-com-mercosul\/","og_locale":"en_US","og_type":"article","og_title":"Pa\u00edses da Uni\u00e3o Europeia se enfurecem com novas negocia\u00e7\u00f5es com Mercosul - Instituto Global Attitude","og_description":"Liderado pela Fran\u00e7a, um grupo de 13 pa\u00edses integrantes da Uni\u00e3o Europeia (UE) enfureceu-se com a proposta que o bloco econ\u00f4mico fez ao Mercosul. Segundo o site de not\u00edcias Politico, os pa\u00edses afirmaram em uma carta que &#8220;se op\u00f5em \u00e0s propostas de cotas em produtos considerados sens\u00edveis, oferta que ser\u00e1 apresentada ao Mercosul nos pr\u00f3ximos [&hellip;]","og_url":"https:\/\/globalattitude.org.br\/paises-da-uniao-europeia-se-enfurecem-com-novas-negociacoes-com-mercosul\/","og_site_name":"Instituto Global Attitude","article_publisher":"https:\/\/www.facebook.com\/global.attitude.org\/","article_published_time":"2016-04-13T19:06:46+00:00","article_modified_time":"2023-03-10T13:01:08+00:00","og_image":[{"width":600,"height":400,"url":"https:\/\/globalattitude.org.br\/wp-content\/uploads\/2023\/03\/malmstrom.jpg","type":"image\/jpeg"}],"author":"123esite","twitter_card":"summary_large_image","twitter_creator":"@global_attitude","twitter_site":"@global_attitude","twitter_misc":{"Written by":"123esite","Est. reading time":"3 minutes"},"schema":{"@context":"https:\/\/schema.org","@graph":[{"@type":["Article","BlogPosting"],"@id":"https:\/\/globalattitude.org.br\/paises-da-uniao-europeia-se-enfurecem-com-novas-negociacoes-com-mercosul\/#article","isPartOf":{"@id":"https:\/\/globalattitude.org.br\/paises-da-uniao-europeia-se-enfurecem-com-novas-negociacoes-com-mercosul\/"},"author":{"name":"123esite","@id":"https:\/\/globalattitude.org.br\/en\/#\/schema\/person\/6d308f9d9d1eebad0278ad9386f13169"},"headline":"Pa\u00edses da Uni\u00e3o Europeia se enfurecem com novas negocia\u00e7\u00f5es com Mercosul","datePublished":"2016-04-13T19:06:46+00:00","dateModified":"2023-03-10T13:01:08+00:00","mainEntityOfPage":{"@id":"https:\/\/globalattitude.org.br\/paises-da-uniao-europeia-se-enfurecem-com-novas-negociacoes-com-mercosul\/"},"wordCount":544,"commentCount":0,"publisher":{"@id":"https:\/\/globalattitude.org.br\/en\/#organization"},"image":{"@id":"https:\/\/globalattitude.org.br\/paises-da-uniao-europeia-se-enfurecem-com-novas-negociacoes-com-mercosul\/#primaryimage"},"thumbnailUrl":"https:\/\/globalattitude.org.br\/wp-content\/uploads\/2023\/03\/malmstrom.jpg","articleSection":["Opini\u00e3o","\u00daltimas"],"inLanguage":"en-US","potentialAction":[{"@type":"CommentAction","name":"Comment","target":["https:\/\/globalattitude.org.br\/paises-da-uniao-europeia-se-enfurecem-com-novas-negociacoes-com-mercosul\/#respond"]}]},{"@type":"WebPage","@id":"https:\/\/globalattitude.org.br\/paises-da-uniao-europeia-se-enfurecem-com-novas-negociacoes-com-mercosul\/","url":"https:\/\/globalattitude.org.br\/paises-da-uniao-europeia-se-enfurecem-com-novas-negociacoes-com-mercosul\/","name":"Pa\u00edses da Uni\u00e3o Europeia se enfurecem com novas negocia\u00e7\u00f5es com Mercosul - Instituto Global Attitude","isPartOf":{"@id":"https:\/\/globalattitude.org.br\/en\/#website"},"primaryImageOfPage":{"@id":"https:\/\/globalattitude.org.br\/paises-da-uniao-europeia-se-enfurecem-com-novas-negociacoes-com-mercosul\/#primaryimage"},"image":{"@id":"https:\/\/globalattitude.org.br\/paises-da-uniao-europeia-se-enfurecem-com-novas-negociacoes-com-mercosul\/#primaryimage"},"thumbnailUrl":"https:\/\/globalattitude.org.br\/wp-content\/uploads\/2023\/03\/malmstrom.jpg","datePublished":"2016-04-13T19:06:46+00:00","dateModified":"2023-03-10T13:01:08+00:00","breadcrumb":{"@id":"https:\/\/globalattitude.org.br\/paises-da-uniao-europeia-se-enfurecem-com-novas-negociacoes-com-mercosul\/#breadcrumb"},"inLanguage":"en-US","potentialAction":[{"@type":"ReadAction","target":["https:\/\/globalattitude.org.br\/paises-da-uniao-europeia-se-enfurecem-com-novas-negociacoes-com-mercosul\/"]}]},{"@type":"ImageObject","inLanguage":"en-US","@id":"https:\/\/globalattitude.org.br\/paises-da-uniao-europeia-se-enfurecem-com-novas-negociacoes-com-mercosul\/#primaryimage","url":"https:\/\/globalattitude.org.br\/wp-content\/uploads\/2023\/03\/malmstrom.jpg","contentUrl":"https:\/\/globalattitude.org.br\/wp-content\/uploads\/2023\/03\/malmstrom.jpg","width":600,"height":400},{"@type":"BreadcrumbList","@id":"https:\/\/globalattitude.org.br\/paises-da-uniao-europeia-se-enfurecem-com-novas-negociacoes-com-mercosul\/#breadcrumb","itemListElement":[{"@type":"ListItem","position":1,"name":"In\u00edcio","item":"https:\/\/globalattitude.org.br\/en\/"},{"@type":"ListItem","position":2,"name":"Pa\u00edses da Uni\u00e3o Europeia se enfurecem com novas negocia\u00e7\u00f5es com Mercosul"}]},{"@type":"WebSite","@id":"https:\/\/globalattitude.org.br\/en\/#website","url":"https:\/\/globalattitude.org.br\/en\/","name":"Instituto Global Attitude","description":"","publisher":{"@id":"https:\/\/globalattitude.org.br\/en\/#organization"},"potentialAction":[{"@type":"SearchAction","target":{"@type":"EntryPoint","urlTemplate":"https:\/\/globalattitude.org.br\/en\/?s={search_term_string}"},"query-input":{"@type":"PropertyValueSpecification","valueRequired":true,"valueName":"search_term_string"}}],"inLanguage":"en-US"},{"@type":"Organization","@id":"https:\/\/globalattitude.org.br\/en\/#organization","name":"Instituto Global Attitude","url":"https:\/\/globalattitude.org.br\/en\/","logo":{"@type":"ImageObject","inLanguage":"en-US","@id":"https:\/\/globalattitude.org.br\/en\/#\/schema\/logo\/image\/","url":"https:\/\/globalattitude.org.br\/wp-content\/uploads\/2023\/01\/instituto-global-attitude-color.png","contentUrl":"https:\/\/globalattitude.org.br\/wp-content\/uploads\/2023\/01\/instituto-global-attitude-color.png","width":300,"height":131,"caption":"Instituto Global Attitude"},"image":{"@id":"https:\/\/globalattitude.org.br\/en\/#\/schema\/logo\/image\/"},"sameAs":["https:\/\/www.facebook.com\/global.attitude.org\/","https:\/\/x.com\/global_attitude","https:\/\/www.instagram.com\/globalattitude","https:\/\/www.linkedin.com\/company\/global-attitude\/?viewAsMember=true"]},{"@type":"Person","@id":"https:\/\/globalattitude.org.br\/en\/#\/schema\/person\/6d308f9d9d1eebad0278ad9386f13169","name":"123esite","image":{"@type":"ImageObject","inLanguage":"en-US","@id":"https:\/\/secure.gravatar.com\/avatar\/07bd71fac19f42004f2b73567f012e126689afdb23cb0017536dea9113ba1806?s=96&d=mm&r=g","url":"https:\/\/secure.gravatar.com\/avatar\/07bd71fac19f42004f2b73567f012e126689afdb23cb0017536dea9113ba1806?s=96&d=mm&r=g","contentUrl":"https:\/\/secure.gravatar.com\/avatar\/07bd71fac19f42004f2b73567f012e126689afdb23cb0017536dea9113ba1806?s=96&d=mm&r=g","caption":"123esite"},"sameAs":["http:\/\/globalattitude.org.br"],"url":"https:\/\/globalattitude.org.br\/en\/author\/123esite\/"}]}},"_links":{"self":[{"href":"https:\/\/globalattitude.org.br\/en\/wp-json\/wp\/v2\/posts\/986","targetHints":{"allow":["GET"]}}],"collection":[{"href":"https:\/\/globalattitude.org.br\/en\/wp-json\/wp\/v2\/posts"}],"about":[{"href":"https:\/\/globalattitude.org.br\/en\/wp-json\/wp\/v2\/types\/post"}],"author":[{"embeddable":true,"href":"https:\/\/globalattitude.org.br\/en\/wp-json\/wp\/v2\/users\/1"}],"replies":[{"embeddable":true,"href":"https:\/\/globalattitude.org.br\/en\/wp-json\/wp\/v2\/comments?post=986"}],"version-history":[{"count":1,"href":"https:\/\/globalattitude.org.br\/en\/wp-json\/wp\/v2\/posts\/986\/revisions"}],"predecessor-version":[{"id":988,"href":"https:\/\/globalattitude.org.br\/en\/wp-json\/wp\/v2\/posts\/986\/revisions\/988"}],"wp:featuredmedia":[{"embeddable":true,"href":"https:\/\/globalattitude.org.br\/en\/wp-json\/wp\/v2\/media\/987"}],"wp:attachment":[{"href":"https:\/\/globalattitude.org.br\/en\/wp-json\/wp\/v2\/media?parent=986"}],"wp:term":[{"taxonomy":"category","embeddable":true,"href":"https:\/\/globalattitude.org.br\/en\/wp-json\/wp\/v2\/categories?post=986"},{"taxonomy":"post_tag","embeddable":true,"href":"https:\/\/globalattitude.org.br\/en\/wp-json\/wp\/v2\/tags?post=986"}],"curies":[{"name":"wp","href":"https:\/\/api.w.org\/{rel}","templated":true}]}}