{"id":991,"date":"2016-04-15T18:01:14","date_gmt":"2016-04-15T21:01:14","guid":{"rendered":"https:\/\/globalattitude.org.br\/2151-2\/"},"modified":"2023-03-10T10:01:28","modified_gmt":"2023-03-10T13:01:28","slug":"2151-2","status":"publish","type":"post","link":"https:\/\/globalattitude.org.br\/en\/2151-2\/","title":{"rendered":"Spring Meetings 2016: Delega\u00e7\u00e3o brasileira comenta sobre experi\u00eancias no evento"},"content":{"rendered":"<p>A delega\u00e7\u00e3o brasileira para o <a href=\"https:\/\/www.imf.org\/external\/spring\/2016\/\">Spring Meetings 2016<\/a> e <a href=\"http:\/\/www.worldbank.org\/en\/events\/2016\/04\/11\/civil-society-policy-forum\">Civil Society Forum<\/a> est\u00e1 em Washington, Estados Unidos, durante esta semana para assistir a palestras organizadas pelo <a href=\"http:\/\/www.worldbank.org\/pt\/country\/brazil\">Banco Mundial<\/a> (BM) e <a href=\"http:\/\/www.imf.org\/external\/index.htm\">Fundo Monet\u00e1rio Internacional<\/a> (FMI).<br \/>\nS\u00e3o seis dias de evento, que visam discutir o mercado financeiro e a economia global, al\u00e9m de debater sobre desenvolvimento internacional e os progressos do trabalho do BM e FMI. O Civil Society Forum ocorre paralelamente, promovendo debates entre os funcion\u00e1rios das institui\u00e7\u00f5es organizadoras e membros da Sociedade Civil.<\/p>\n<div id=\"attachment_2152\" style=\"width: 584px\" class=\"wp-caption aligncenter\"><a href=\"http:\/\/globalattitude.org.br\/wp-content\/uploads\/2023\/03\/dia1.jpg\" rel=\"attachment wp-att-2152\"><img fetchpriority=\"high\" decoding=\"async\" aria-describedby=\"caption-attachment-2152\" class=\"wp-image-2152 \" src=\"http:\/\/globalattitude.org.br\/wp-content\/uploads\/2023\/03\/dia1.jpg\" alt=\"dia1\" width=\"574\" height=\"431\" \/><\/a><p id=\"caption-attachment-2152\" class=\"wp-caption-text\">Delega\u00e7\u00e3o chegou em Washington na segunda-feira (11)<\/p><\/div>\n<p>J\u00e1 no primeiro dia do evento, os quatro delegados do programa Diplomacia Civil, Gabriel Brasil, Manuella P\u00f3pulo, Nicolas Silva e Dario Neto, acompanhados do diretor do Instituto Global Attitude, Rodrigo Reis, participaram de uma palestra com o Economista Chefe para Am\u00e9rica Latina e Caribe, <a href=\"http:\/\/www.worldbank.org\/en\/about\/people\/augusto-de-la-torre\">Augusto de la Torre<\/a>, e puderam ter uma conversa direta com o vice-presidente do <a href=\"http:\/\/www.worldbank.org\/pt\/about\/people\/jorge-familiar\">Banco Mundial para Am\u00e9rica Latina e Caribe<\/a>, Jorge Familiar.<\/p>\n<div id=\"attachment_2153\" style=\"width: 584px\" class=\"wp-caption aligncenter\"><a href=\"http:\/\/globalattitude.org.br\/wp-content\/uploads\/2023\/03\/dia2..jpg\" rel=\"attachment wp-att-2153\"><img decoding=\"async\" aria-describedby=\"caption-attachment-2153\" class=\"wp-image-2153\" src=\"http:\/\/globalattitude.org.br\/wp-content\/uploads\/2023\/03\/dia2..jpg\" alt=\"dia2.\" width=\"574\" height=\"323\" \/><\/a><p id=\"caption-attachment-2153\" class=\"wp-caption-text\">Economista Chefe para Am\u00e9rica Latina e Caribe, Augusto de la Torre, fala em palestra<\/p><\/div>\n<div id=\"attachment_2154\" style=\"width: 584px\" class=\"wp-caption aligncenter\"><a href=\"http:\/\/globalattitude.org.br\/wp-content\/uploads\/2023\/03\/dia2.1.jpg\" rel=\"attachment wp-att-2154\"><img decoding=\"async\" aria-describedby=\"caption-attachment-2154\" class=\"wp-image-2154\" src=\"http:\/\/globalattitude.org.br\/wp-content\/uploads\/2023\/03\/dia2.1-300x169.jpg\" alt=\"dia2.1\" width=\"574\" height=\"323\" \/><\/a><p id=\"caption-attachment-2154\" class=\"wp-caption-text\">Delegados conversam com vice-presidente do Banco Mundial para Am\u00e9rica Latina e Caribe, Jorge Familiar<\/p><\/div>\n<p>&#8220;O evento supera todas as expectativas. A economia mundial est\u00e1 sendo discutida aqui e existe uma integra\u00e7\u00e3o \u00e9tnica muito grande&#8221;, disse Dario. &#8220;Estou surpreso com o evento de abertura, que contou com participantes de alto n\u00edvel discutindo a\u00e7\u00f5es coerentes. Estou tendo uma ideia de como as institui\u00e7\u00f5es funcionam e seu n\u00edvel de rigor institucional. \u00c9 uma experi\u00eancia profissional proveitosa&#8221;, comentou Gabriel.<br \/>\nNo segundo dia, a delega\u00e7\u00e3o participou de palestras sobre a atual crise de refugiados e sobre o financiamento de ferramentas para reduzir a desigualdade social.<\/p>\n<div id=\"attachment_2158\" style=\"width: 584px\" class=\"wp-caption aligncenter\"><a href=\"http:\/\/globalattitude.org.br\/wp-content\/uploads\/2023\/03\/dia3.5-scaled.jpg\" rel=\"attachment wp-att-2158\"><img loading=\"lazy\" decoding=\"async\" aria-describedby=\"caption-attachment-2158\" class=\"wp-image-2158\" src=\"http:\/\/globalattitude.org.br\/wp-content\/uploads\/2023\/03\/dia3.5-scaled.jpg\" alt=\"dia3.5\" width=\"574\" height=\"323\" \/><\/a><p id=\"caption-attachment-2158\" class=\"wp-caption-text\">Delegados foram acompanhados do diretor do Instituto Global Attitude, Rodrigo Reis<\/p><\/div>\n<p>O terceiro dia teve uma agrad\u00e1vel surpresa: os delegados tiveram a oportunidade de conversar frente a frente com Joaquim Levy, ex-ministro da Fazenda e atual Chefe do Setor Financeiro do Banco Mundial, e ainda com o diretor executivo do <a href=\"http:\/\/www.iadb.org\/pt\/sobre-o-bid\/sobre-o-banco-interamericano-de-desenvolvimento,5995.html\">Banco Interamericano de Desenvolvimento<\/a> (BID), Frederico Jayme Jr.<\/p>\n<div id=\"attachment_2175\" style=\"width: 584px\" class=\"wp-caption aligncenter\"><a href=\"http:\/\/globalattitude.org.br\/wp-content\/uploads\/2023\/03\/20160414_172140-1-scaled.jpg\" rel=\"attachment wp-att-2175\"><img loading=\"lazy\" decoding=\"async\" aria-describedby=\"caption-attachment-2175\" class=\"wp-image-2175\" src=\"http:\/\/globalattitude.org.br\/wp-content\/uploads\/2023\/03\/20160414_172140-1-scaled.jpg\" alt=\"20160414_172140\" width=\"574\" height=\"323\" \/><\/a><p id=\"caption-attachment-2175\" class=\"wp-caption-text\">Delegados conhecem Joaquim Levy, atual CFO do Banco Mundial<\/p><\/div>\n<p>&#8220;Conversar com algu\u00e9m t\u00e3o experiente na pol\u00edtica brasileira e na economia \u00e9 sempre enriquecedor. Joaquim Levy foi muito atencioso e humilde na nossa conversa. Acho que isso foi a &#8216;cereja do bolo&#8217; no programa. O evento \u00e9 fant\u00e1stico, tem impacto direto com o que fa\u00e7o e ouvir as proje\u00e7\u00f5es do BM e FMI \u00e9 muito v\u00e1lido para mim, que s\u00f3 tenho a ganhar&#8221;, afirma Nicolas.<br \/>\n&#8220;Foi incr\u00edvel! Encontramos com Levy no pr\u00e9dio do Banco Mundial e ele foi muito atencioso e simp\u00e1tico, tivemos um bate papo de 40 minutos. J\u00e1 no primeiro dia d\u00e1 pra perceber que \u00e9 um evento grandioso. Os temas discutidos s\u00e3o super interessantes. \u00c9 uma semana de muito conhecimento e crescimento&#8221;, completa Manuella.<br \/>\nOs delegados participam de duas a tr\u00eas palestras por dia e t\u00eam mais dois dias de evento pela frente, onde ainda assistir\u00e3o a palestras como o F\u00f3rum de Infraestrutura Global, com o Secret\u00e1rio Geral da ONU Ban Ki-Moon, o presidente do Banco Mundial Jim Yong Kim, entre outros convidados, e uma apresenta\u00e7\u00e3o sobre oportunidades e amea\u00e7as da ruptura digital em sistemas financeiros.<\/p>\n<div id=\"attachment_2159\" style=\"width: 584px\" class=\"wp-caption aligncenter\"><a href=\"http:\/\/globalattitude.org.br\/wp-content\/uploads\/2023\/03\/dia3.6-scaled.jpg\" rel=\"attachment wp-att-2159\"><img loading=\"lazy\" decoding=\"async\" aria-describedby=\"caption-attachment-2159\" class=\"wp-image-2159\" src=\"http:\/\/globalattitude.org.br\/wp-content\/uploads\/2023\/03\/dia3.6-scaled.jpg\" alt=\"dia3.6\" width=\"574\" height=\"323\" \/><\/a><p id=\"caption-attachment-2159\" class=\"wp-caption-text\">Delegados em frente ao pr\u00e9dio do Banco Mundial<\/p><\/div>\n<p>O evento acontece at\u00e9 domingo (17), dia em que a delega\u00e7\u00e3o tamb\u00e9m retorna ao Brasil. Ainda como parte do programa Diplomacia Civil, cada delegado <a href=\"http:\/\/blog.globalattitude.org.br\/services-1\/\">produzir\u00e1 um artigo de opini\u00e3o<\/a> com um tema pr\u00e9 estabelecido por ele mesmo, podendo ser sobre economia, pol\u00edtica, rela\u00e7\u00f5es internacionais ou algo relacionado \u00e0 sua \u00e1rea de atua\u00e7\u00e3o.<\/p>\n<p><strong>Leia mais: <a href=\"http:\/\/blog.globalattitude.org.br\/saiu-veja-os-delegados-que-representarao-o-brasil-no-spring-meetings-2016\/\">Conhe\u00e7a os delegados que ir\u00e3o ao Spring Meetings 2016<\/a><\/strong><\/p>\n","protected":false},"excerpt":{"rendered":"<p>A delega\u00e7\u00e3o brasileira para o Spring Meetings 2016 e Civil Society Forum est\u00e1 em Washington, Estados Unidos, durante esta semana para assistir a palestras organizadas pelo Banco Mundial (BM) e Fundo Monet\u00e1rio Internacional (FMI). S\u00e3o seis dias de evento, que visam discutir o mercado financeiro e a economia global, al\u00e9m de debater sobre desenvolvimento internacional [&hellip;]<\/p>\n","protected":false},"author":1,"featured_media":992,"comment_status":"open","ping_status":"open","sticky":false,"template":"","format":"standard","meta":{"_acf_changed":false,"om_disable_all_campaigns":false,"_monsterinsights_skip_tracking":false,"_monsterinsights_sitenote_active":false,"_monsterinsights_sitenote_note":"","_monsterinsights_sitenote_category":0,"_uf_show_specific_survey":0,"_uf_disable_surveys":false,"footnotes":""},"categories":[22,34],"tags":[],"class_list":["post-991","post","type-post","status-publish","format-standard","hentry","category-programas","category-ultimas"],"acf":[],"aioseo_notices":[],"yoast_head":"<!-- This site is optimized with the Yoast SEO plugin v27.5 - https:\/\/yoast.com\/product\/yoast-seo-wordpress\/ -->\n<title>Spring Meetings 2016: Delega\u00e7\u00e3o brasileira comenta sobre experi\u00eancias no evento - Instituto Global Attitude<\/title>\n<meta name=\"robots\" content=\"index, follow, max-snippet:-1, max-image-preview:large, max-video-preview:-1\" \/>\n<link rel=\"canonical\" href=\"http:\/\/globalattitude.org.br\/2151-2\/\" \/>\n<meta property=\"og:locale\" content=\"en_US\" \/>\n<meta property=\"og:type\" content=\"article\" \/>\n<meta property=\"og:title\" content=\"Spring Meetings 2016: Delega\u00e7\u00e3o brasileira comenta sobre experi\u00eancias no evento - Instituto Global Attitude\" \/>\n<meta property=\"og:description\" content=\"A delega\u00e7\u00e3o brasileira para o Spring Meetings 2016 e Civil Society Forum est\u00e1 em Washington, Estados Unidos, durante esta semana para assistir a palestras organizadas pelo Banco Mundial (BM) e Fundo Monet\u00e1rio Internacional (FMI). S\u00e3o seis dias de evento, que visam discutir o mercado financeiro e a economia global, al\u00e9m de debater sobre desenvolvimento internacional [&hellip;]\" \/>\n<meta property=\"og:url\" content=\"http:\/\/globalattitude.org.br\/2151-2\/\" \/>\n<meta property=\"og:site_name\" content=\"Instituto Global Attitude\" \/>\n<meta property=\"article:publisher\" content=\"https:\/\/www.facebook.com\/global.attitude.org\/\" \/>\n<meta property=\"article:published_time\" content=\"2016-04-15T21:01:14+00:00\" \/>\n<meta property=\"article:modified_time\" content=\"2023-03-10T13:01:28+00:00\" \/>\n<meta property=\"og:image\" content=\"http:\/\/globalattitude.org.br\/wp-content\/uploads\/2023\/03\/dia1-1200x900.jpg\" \/>\n\t<meta property=\"og:image:width\" content=\"1280\" \/>\n\t<meta property=\"og:image:height\" content=\"960\" \/>\n\t<meta property=\"og:image:type\" content=\"image\/jpeg\" \/>\n<meta name=\"author\" content=\"123esite\" \/>\n<meta name=\"twitter:card\" content=\"summary_large_image\" \/>\n<meta name=\"twitter:creator\" content=\"@global_attitude\" \/>\n<meta name=\"twitter:site\" content=\"@global_attitude\" \/>\n<meta name=\"twitter:label1\" content=\"Written by\" \/>\n\t<meta name=\"twitter:data1\" content=\"123esite\" \/>\n\t<meta name=\"twitter:label2\" content=\"Est. reading time\" \/>\n\t<meta name=\"twitter:data2\" content=\"3 minutes\" \/>\n<script type=\"application\/ld+json\" class=\"yoast-schema-graph\">{\"@context\":\"https:\\\/\\\/schema.org\",\"@graph\":[{\"@type\":[\"Article\",\"BlogPosting\"],\"@id\":\"http:\\\/\\\/globalattitude.org.br\\\/2151-2\\\/#article\",\"isPartOf\":{\"@id\":\"http:\\\/\\\/globalattitude.org.br\\\/2151-2\\\/\"},\"author\":{\"name\":\"123esite\",\"@id\":\"https:\\\/\\\/globalattitude.org.br\\\/en\\\/#\\\/schema\\\/person\\\/6d308f9d9d1eebad0278ad9386f13169\"},\"headline\":\"Spring Meetings 2016: Delega\u00e7\u00e3o brasileira comenta sobre experi\u00eancias no evento\",\"datePublished\":\"2016-04-15T21:01:14+00:00\",\"dateModified\":\"2023-03-10T13:01:28+00:00\",\"mainEntityOfPage\":{\"@id\":\"http:\\\/\\\/globalattitude.org.br\\\/2151-2\\\/\"},\"wordCount\":676,\"commentCount\":0,\"publisher\":{\"@id\":\"https:\\\/\\\/globalattitude.org.br\\\/en\\\/#organization\"},\"image\":{\"@id\":\"http:\\\/\\\/globalattitude.org.br\\\/2151-2\\\/#primaryimage\"},\"thumbnailUrl\":\"https:\\\/\\\/globalattitude.org.br\\\/wp-content\\\/uploads\\\/2023\\\/03\\\/dia1-1200x900.jpg\",\"articleSection\":[\"Programas\",\"\u00daltimas\"],\"inLanguage\":\"en-US\",\"potentialAction\":[{\"@type\":\"CommentAction\",\"name\":\"Comment\",\"target\":[\"http:\\\/\\\/globalattitude.org.br\\\/2151-2\\\/#respond\"]}]},{\"@type\":\"WebPage\",\"@id\":\"http:\\\/\\\/globalattitude.org.br\\\/2151-2\\\/\",\"url\":\"http:\\\/\\\/globalattitude.org.br\\\/2151-2\\\/\",\"name\":\"Spring Meetings 2016: Delega\u00e7\u00e3o brasileira comenta sobre experi\u00eancias no evento - Instituto Global Attitude\",\"isPartOf\":{\"@id\":\"https:\\\/\\\/globalattitude.org.br\\\/en\\\/#website\"},\"primaryImageOfPage\":{\"@id\":\"http:\\\/\\\/globalattitude.org.br\\\/2151-2\\\/#primaryimage\"},\"image\":{\"@id\":\"http:\\\/\\\/globalattitude.org.br\\\/2151-2\\\/#primaryimage\"},\"thumbnailUrl\":\"https:\\\/\\\/globalattitude.org.br\\\/wp-content\\\/uploads\\\/2023\\\/03\\\/dia1-1200x900.jpg\",\"datePublished\":\"2016-04-15T21:01:14+00:00\",\"dateModified\":\"2023-03-10T13:01:28+00:00\",\"breadcrumb\":{\"@id\":\"http:\\\/\\\/globalattitude.org.br\\\/2151-2\\\/#breadcrumb\"},\"inLanguage\":\"en-US\",\"potentialAction\":[{\"@type\":\"ReadAction\",\"target\":[\"http:\\\/\\\/globalattitude.org.br\\\/2151-2\\\/\"]}]},{\"@type\":\"ImageObject\",\"inLanguage\":\"en-US\",\"@id\":\"http:\\\/\\\/globalattitude.org.br\\\/2151-2\\\/#primaryimage\",\"url\":\"https:\\\/\\\/globalattitude.org.br\\\/wp-content\\\/uploads\\\/2023\\\/03\\\/dia1-1200x900.jpg\",\"contentUrl\":\"https:\\\/\\\/globalattitude.org.br\\\/wp-content\\\/uploads\\\/2023\\\/03\\\/dia1-1200x900.jpg\",\"width\":1280,\"height\":960},{\"@type\":\"BreadcrumbList\",\"@id\":\"http:\\\/\\\/globalattitude.org.br\\\/2151-2\\\/#breadcrumb\",\"itemListElement\":[{\"@type\":\"ListItem\",\"position\":1,\"name\":\"In\u00edcio\",\"item\":\"https:\\\/\\\/globalattitude.org.br\\\/en\\\/\"},{\"@type\":\"ListItem\",\"position\":2,\"name\":\"Spring Meetings 2016: Delega\u00e7\u00e3o brasileira comenta sobre experi\u00eancias no evento\"}]},{\"@type\":\"WebSite\",\"@id\":\"https:\\\/\\\/globalattitude.org.br\\\/en\\\/#website\",\"url\":\"https:\\\/\\\/globalattitude.org.br\\\/en\\\/\",\"name\":\"Instituto Global Attitude\",\"description\":\"\",\"publisher\":{\"@id\":\"https:\\\/\\\/globalattitude.org.br\\\/en\\\/#organization\"},\"potentialAction\":[{\"@type\":\"SearchAction\",\"target\":{\"@type\":\"EntryPoint\",\"urlTemplate\":\"https:\\\/\\\/globalattitude.org.br\\\/en\\\/?s={search_term_string}\"},\"query-input\":{\"@type\":\"PropertyValueSpecification\",\"valueRequired\":true,\"valueName\":\"search_term_string\"}}],\"inLanguage\":\"en-US\"},{\"@type\":\"Organization\",\"@id\":\"https:\\\/\\\/globalattitude.org.br\\\/en\\\/#organization\",\"name\":\"Instituto Global Attitude\",\"url\":\"https:\\\/\\\/globalattitude.org.br\\\/en\\\/\",\"logo\":{\"@type\":\"ImageObject\",\"inLanguage\":\"en-US\",\"@id\":\"https:\\\/\\\/globalattitude.org.br\\\/en\\\/#\\\/schema\\\/logo\\\/image\\\/\",\"url\":\"https:\\\/\\\/globalattitude.org.br\\\/wp-content\\\/uploads\\\/2023\\\/01\\\/instituto-global-attitude-color.png\",\"contentUrl\":\"https:\\\/\\\/globalattitude.org.br\\\/wp-content\\\/uploads\\\/2023\\\/01\\\/instituto-global-attitude-color.png\",\"width\":300,\"height\":131,\"caption\":\"Instituto Global Attitude\"},\"image\":{\"@id\":\"https:\\\/\\\/globalattitude.org.br\\\/en\\\/#\\\/schema\\\/logo\\\/image\\\/\"},\"sameAs\":[\"https:\\\/\\\/www.facebook.com\\\/global.attitude.org\\\/\",\"https:\\\/\\\/x.com\\\/global_attitude\",\"https:\\\/\\\/www.instagram.com\\\/globalattitude\",\"https:\\\/\\\/www.linkedin.com\\\/company\\\/global-attitude\\\/?viewAsMember=true\"]},{\"@type\":\"Person\",\"@id\":\"https:\\\/\\\/globalattitude.org.br\\\/en\\\/#\\\/schema\\\/person\\\/6d308f9d9d1eebad0278ad9386f13169\",\"name\":\"123esite\",\"image\":{\"@type\":\"ImageObject\",\"inLanguage\":\"en-US\",\"@id\":\"https:\\\/\\\/secure.gravatar.com\\\/avatar\\\/07bd71fac19f42004f2b73567f012e126689afdb23cb0017536dea9113ba1806?s=96&d=mm&r=g\",\"url\":\"https:\\\/\\\/secure.gravatar.com\\\/avatar\\\/07bd71fac19f42004f2b73567f012e126689afdb23cb0017536dea9113ba1806?s=96&d=mm&r=g\",\"contentUrl\":\"https:\\\/\\\/secure.gravatar.com\\\/avatar\\\/07bd71fac19f42004f2b73567f012e126689afdb23cb0017536dea9113ba1806?s=96&d=mm&r=g\",\"caption\":\"123esite\"},\"sameAs\":[\"http:\\\/\\\/globalattitude.org.br\"],\"url\":\"https:\\\/\\\/globalattitude.org.br\\\/en\\\/author\\\/123esite\\\/\"}]}<\/script>\n<!-- \/ Yoast SEO plugin. -->","yoast_head_json":{"title":"Spring Meetings 2016: Delega\u00e7\u00e3o brasileira comenta sobre experi\u00eancias no evento - Instituto Global Attitude","robots":{"index":"index","follow":"follow","max-snippet":"max-snippet:-1","max-image-preview":"max-image-preview:large","max-video-preview":"max-video-preview:-1"},"canonical":"http:\/\/globalattitude.org.br\/2151-2\/","og_locale":"en_US","og_type":"article","og_title":"Spring Meetings 2016: Delega\u00e7\u00e3o brasileira comenta sobre experi\u00eancias no evento - Instituto Global Attitude","og_description":"A delega\u00e7\u00e3o brasileira para o Spring Meetings 2016 e Civil Society Forum est\u00e1 em Washington, Estados Unidos, durante esta semana para assistir a palestras organizadas pelo Banco Mundial (BM) e Fundo Monet\u00e1rio Internacional (FMI). S\u00e3o seis dias de evento, que visam discutir o mercado financeiro e a economia global, al\u00e9m de debater sobre desenvolvimento internacional [&hellip;]","og_url":"http:\/\/globalattitude.org.br\/2151-2\/","og_site_name":"Instituto Global Attitude","article_publisher":"https:\/\/www.facebook.com\/global.attitude.org\/","article_published_time":"2016-04-15T21:01:14+00:00","article_modified_time":"2023-03-10T13:01:28+00:00","og_image":[{"width":1280,"height":960,"url":"http:\/\/globalattitude.org.br\/wp-content\/uploads\/2023\/03\/dia1-1200x900.jpg","type":"image\/jpeg"}],"author":"123esite","twitter_card":"summary_large_image","twitter_creator":"@global_attitude","twitter_site":"@global_attitude","twitter_misc":{"Written by":"123esite","Est. reading time":"3 minutes"},"schema":{"@context":"https:\/\/schema.org","@graph":[{"@type":["Article","BlogPosting"],"@id":"http:\/\/globalattitude.org.br\/2151-2\/#article","isPartOf":{"@id":"http:\/\/globalattitude.org.br\/2151-2\/"},"author":{"name":"123esite","@id":"https:\/\/globalattitude.org.br\/en\/#\/schema\/person\/6d308f9d9d1eebad0278ad9386f13169"},"headline":"Spring Meetings 2016: Delega\u00e7\u00e3o brasileira comenta sobre experi\u00eancias no evento","datePublished":"2016-04-15T21:01:14+00:00","dateModified":"2023-03-10T13:01:28+00:00","mainEntityOfPage":{"@id":"http:\/\/globalattitude.org.br\/2151-2\/"},"wordCount":676,"commentCount":0,"publisher":{"@id":"https:\/\/globalattitude.org.br\/en\/#organization"},"image":{"@id":"http:\/\/globalattitude.org.br\/2151-2\/#primaryimage"},"thumbnailUrl":"https:\/\/globalattitude.org.br\/wp-content\/uploads\/2023\/03\/dia1-1200x900.jpg","articleSection":["Programas","\u00daltimas"],"inLanguage":"en-US","potentialAction":[{"@type":"CommentAction","name":"Comment","target":["http:\/\/globalattitude.org.br\/2151-2\/#respond"]}]},{"@type":"WebPage","@id":"http:\/\/globalattitude.org.br\/2151-2\/","url":"http:\/\/globalattitude.org.br\/2151-2\/","name":"Spring Meetings 2016: Delega\u00e7\u00e3o brasileira comenta sobre experi\u00eancias no evento - Instituto Global Attitude","isPartOf":{"@id":"https:\/\/globalattitude.org.br\/en\/#website"},"primaryImageOfPage":{"@id":"http:\/\/globalattitude.org.br\/2151-2\/#primaryimage"},"image":{"@id":"http:\/\/globalattitude.org.br\/2151-2\/#primaryimage"},"thumbnailUrl":"https:\/\/globalattitude.org.br\/wp-content\/uploads\/2023\/03\/dia1-1200x900.jpg","datePublished":"2016-04-15T21:01:14+00:00","dateModified":"2023-03-10T13:01:28+00:00","breadcrumb":{"@id":"http:\/\/globalattitude.org.br\/2151-2\/#breadcrumb"},"inLanguage":"en-US","potentialAction":[{"@type":"ReadAction","target":["http:\/\/globalattitude.org.br\/2151-2\/"]}]},{"@type":"ImageObject","inLanguage":"en-US","@id":"http:\/\/globalattitude.org.br\/2151-2\/#primaryimage","url":"https:\/\/globalattitude.org.br\/wp-content\/uploads\/2023\/03\/dia1-1200x900.jpg","contentUrl":"https:\/\/globalattitude.org.br\/wp-content\/uploads\/2023\/03\/dia1-1200x900.jpg","width":1280,"height":960},{"@type":"BreadcrumbList","@id":"http:\/\/globalattitude.org.br\/2151-2\/#breadcrumb","itemListElement":[{"@type":"ListItem","position":1,"name":"In\u00edcio","item":"https:\/\/globalattitude.org.br\/en\/"},{"@type":"ListItem","position":2,"name":"Spring Meetings 2016: Delega\u00e7\u00e3o brasileira comenta sobre experi\u00eancias no evento"}]},{"@type":"WebSite","@id":"https:\/\/globalattitude.org.br\/en\/#website","url":"https:\/\/globalattitude.org.br\/en\/","name":"Instituto Global Attitude","description":"","publisher":{"@id":"https:\/\/globalattitude.org.br\/en\/#organization"},"potentialAction":[{"@type":"SearchAction","target":{"@type":"EntryPoint","urlTemplate":"https:\/\/globalattitude.org.br\/en\/?s={search_term_string}"},"query-input":{"@type":"PropertyValueSpecification","valueRequired":true,"valueName":"search_term_string"}}],"inLanguage":"en-US"},{"@type":"Organization","@id":"https:\/\/globalattitude.org.br\/en\/#organization","name":"Instituto Global Attitude","url":"https:\/\/globalattitude.org.br\/en\/","logo":{"@type":"ImageObject","inLanguage":"en-US","@id":"https:\/\/globalattitude.org.br\/en\/#\/schema\/logo\/image\/","url":"https:\/\/globalattitude.org.br\/wp-content\/uploads\/2023\/01\/instituto-global-attitude-color.png","contentUrl":"https:\/\/globalattitude.org.br\/wp-content\/uploads\/2023\/01\/instituto-global-attitude-color.png","width":300,"height":131,"caption":"Instituto Global Attitude"},"image":{"@id":"https:\/\/globalattitude.org.br\/en\/#\/schema\/logo\/image\/"},"sameAs":["https:\/\/www.facebook.com\/global.attitude.org\/","https:\/\/x.com\/global_attitude","https:\/\/www.instagram.com\/globalattitude","https:\/\/www.linkedin.com\/company\/global-attitude\/?viewAsMember=true"]},{"@type":"Person","@id":"https:\/\/globalattitude.org.br\/en\/#\/schema\/person\/6d308f9d9d1eebad0278ad9386f13169","name":"123esite","image":{"@type":"ImageObject","inLanguage":"en-US","@id":"https:\/\/secure.gravatar.com\/avatar\/07bd71fac19f42004f2b73567f012e126689afdb23cb0017536dea9113ba1806?s=96&d=mm&r=g","url":"https:\/\/secure.gravatar.com\/avatar\/07bd71fac19f42004f2b73567f012e126689afdb23cb0017536dea9113ba1806?s=96&d=mm&r=g","contentUrl":"https:\/\/secure.gravatar.com\/avatar\/07bd71fac19f42004f2b73567f012e126689afdb23cb0017536dea9113ba1806?s=96&d=mm&r=g","caption":"123esite"},"sameAs":["http:\/\/globalattitude.org.br"],"url":"https:\/\/globalattitude.org.br\/en\/author\/123esite\/"}]}},"_links":{"self":[{"href":"https:\/\/globalattitude.org.br\/en\/wp-json\/wp\/v2\/posts\/991","targetHints":{"allow":["GET"]}}],"collection":[{"href":"https:\/\/globalattitude.org.br\/en\/wp-json\/wp\/v2\/posts"}],"about":[{"href":"https:\/\/globalattitude.org.br\/en\/wp-json\/wp\/v2\/types\/post"}],"author":[{"embeddable":true,"href":"https:\/\/globalattitude.org.br\/en\/wp-json\/wp\/v2\/users\/1"}],"replies":[{"embeddable":true,"href":"https:\/\/globalattitude.org.br\/en\/wp-json\/wp\/v2\/comments?post=991"}],"version-history":[{"count":1,"href":"https:\/\/globalattitude.org.br\/en\/wp-json\/wp\/v2\/posts\/991\/revisions"}],"predecessor-version":[{"id":998,"href":"https:\/\/globalattitude.org.br\/en\/wp-json\/wp\/v2\/posts\/991\/revisions\/998"}],"wp:featuredmedia":[{"embeddable":true,"href":"https:\/\/globalattitude.org.br\/en\/wp-json\/wp\/v2\/media\/992"}],"wp:attachment":[{"href":"https:\/\/globalattitude.org.br\/en\/wp-json\/wp\/v2\/media?parent=991"}],"wp:term":[{"taxonomy":"category","embeddable":true,"href":"https:\/\/globalattitude.org.br\/en\/wp-json\/wp\/v2\/categories?post=991"},{"taxonomy":"post_tag","embeddable":true,"href":"https:\/\/globalattitude.org.br\/en\/wp-json\/wp\/v2\/tags?post=991"}],"curies":[{"name":"wp","href":"https:\/\/api.w.org\/{rel}","templated":true}]}}