{"id":9953,"date":"2024-11-06T11:18:42","date_gmt":"2024-11-06T14:18:42","guid":{"rendered":"https:\/\/globalattitude.org.br\/?p=9953"},"modified":"2024-11-06T13:18:04","modified_gmt":"2024-11-06T16:18:04","slug":"dia-da-favela-saiba-por-que-celebrar-essa-data","status":"publish","type":"post","link":"https:\/\/globalattitude.org.br\/en\/dia-da-favela-saiba-por-que-celebrar-essa-data\/","title":{"rendered":"Dia da Favela: saiba por que celebrar essa data"},"content":{"rendered":"<p>Data reflete sobre a\u00e7\u00f5es em prol das comunidades.<\/p>\n<p>Por Braiam Resende, IGA SP \u2014 S\u00e3o Paulo 07\/11\/2024 09h30 Atualizado h\u00e1 12 minutos<\/p>\n<p>O\u202fDia da Favela\u202f\u00e9 celebrado anualmente no dia 4 de novembro.\u202fA data foi escolhida porque, em 1900, o termo \u201cfavela\u201d apareceu pela primeira vez em um documento oficial, referindo-se ao Morro da Provid\u00eancia, no Rio de Janeiro.<\/p>\n<p>A celebra\u00e7\u00e3o do Dia da Favela tem como objetivo\u202freconhecer e valorizar\u202fas contribui\u00e7\u00f5es das comunidades de favelas para a cultura e a economia no Brasil, al\u00e9m de\u202fconscientizar\u202fa sociedade sobre os desafios enfrentados por essas comunidades.<\/p>\n<p>\u00c9 uma data para celebrar a\u202fresili\u00eancia, a criatividade e a for\u00e7a\u202fdos moradores das favelas, destacando a import\u00e2ncia de investimentos e pol\u00edticas p\u00fablicas que promovam a inclus\u00e3o e o desenvolvimento dessas \u00e1reas.<\/p>\n<p>O Dia da Favela \u00e9 uma data crucial para promover a inclus\u00e3o, a justi\u00e7a social e o desenvolvimento sustent\u00e1vel. Celebrar essa data \u00e9 reconhecer a import\u00e2ncia das favelas e seus moradores, valorizando suas contribui\u00e7\u00f5es e trabalhando juntos para um futuro mais equitativo e pr\u00f3spero para todos.<\/p>\n","protected":false},"excerpt":{"rendered":"<p>Data reflete sobre a\u00e7\u00f5es em prol das comunidades. Por Braiam Resende, IGA SP \u2014 S\u00e3o Paulo 07\/11\/2024 09h30 Atualizado h\u00e1 12 minutos O\u202fDia da Favela\u202f\u00e9 celebrado anualmente no dia 4 de novembro.\u202fA data foi escolhida porque, em 1900, o termo \u201cfavela\u201d apareceu pela primeira vez em um documento oficial, referindo-se ao Morro da Provid\u00eancia, no [&hellip;]<\/p>\n","protected":false},"author":4,"featured_media":0,"comment_status":"open","ping_status":"open","sticky":false,"template":"","format":"standard","meta":{"_acf_changed":false,"om_disable_all_campaigns":false,"_monsterinsights_skip_tracking":false,"_monsterinsights_sitenote_active":false,"_monsterinsights_sitenote_note":"","_monsterinsights_sitenote_category":0,"_uf_show_specific_survey":0,"_uf_disable_surveys":false,"footnotes":""},"categories":[360],"tags":[572],"class_list":["post-9953","post","type-post","status-publish","format-standard","hentry","category-noticias","tag-dia-da-favela-saiba-por-que-celebrar-essa-data"],"acf":[],"aioseo_notices":[],"yoast_head":"<!-- This site is optimized with the Yoast SEO plugin v27.5 - https:\/\/yoast.com\/product\/yoast-seo-wordpress\/ -->\n<title>Dia da Favela: saiba por que celebrar essa data - Instituto Global Attitude<\/title>\n<meta name=\"robots\" content=\"index, follow, max-snippet:-1, max-image-preview:large, max-video-preview:-1\" \/>\n<link rel=\"canonical\" href=\"https:\/\/globalattitude.org.br\/dia-da-favela-saiba-por-que-celebrar-essa-data\/\" \/>\n<meta property=\"og:locale\" content=\"en_US\" \/>\n<meta property=\"og:type\" content=\"article\" \/>\n<meta property=\"og:title\" content=\"Dia da Favela: saiba por que celebrar essa data - Instituto Global Attitude\" \/>\n<meta property=\"og:description\" content=\"Data reflete sobre a\u00e7\u00f5es em prol das comunidades. Por Braiam Resende, IGA SP \u2014 S\u00e3o Paulo 07\/11\/2024 09h30 Atualizado h\u00e1 12 minutos O\u202fDia da Favela\u202f\u00e9 celebrado anualmente no dia 4 de novembro.\u202fA data foi escolhida porque, em 1900, o termo \u201cfavela\u201d apareceu pela primeira vez em um documento oficial, referindo-se ao Morro da Provid\u00eancia, no [&hellip;]\" \/>\n<meta property=\"og:url\" content=\"https:\/\/globalattitude.org.br\/dia-da-favela-saiba-por-que-celebrar-essa-data\/\" \/>\n<meta property=\"og:site_name\" content=\"Instituto Global Attitude\" \/>\n<meta property=\"article:publisher\" content=\"https:\/\/www.facebook.com\/global.attitude.org\/\" \/>\n<meta property=\"article:published_time\" content=\"2024-11-06T14:18:42+00:00\" \/>\n<meta property=\"article:modified_time\" content=\"2024-11-06T16:18:04+00:00\" \/>\n<meta name=\"author\" content=\"comunicacao\" \/>\n<meta name=\"twitter:card\" content=\"summary_large_image\" \/>\n<meta name=\"twitter:creator\" content=\"@global_attitude\" \/>\n<meta name=\"twitter:site\" content=\"@global_attitude\" \/>\n<meta name=\"twitter:label1\" content=\"Written by\" \/>\n\t<meta name=\"twitter:data1\" content=\"comunicacao\" \/>\n\t<meta name=\"twitter:label2\" content=\"Est. reading time\" \/>\n\t<meta name=\"twitter:data2\" content=\"2 minutes\" \/>\n<script type=\"application\/ld+json\" class=\"yoast-schema-graph\">{\"@context\":\"https:\\\/\\\/schema.org\",\"@graph\":[{\"@type\":[\"Article\",\"BlogPosting\"],\"@id\":\"https:\\\/\\\/globalattitude.org.br\\\/dia-da-favela-saiba-por-que-celebrar-essa-data\\\/#article\",\"isPartOf\":{\"@id\":\"https:\\\/\\\/globalattitude.org.br\\\/dia-da-favela-saiba-por-que-celebrar-essa-data\\\/\"},\"author\":{\"name\":\"comunicacao\",\"@id\":\"https:\\\/\\\/globalattitude.org.br\\\/en\\\/#\\\/schema\\\/person\\\/d2d0edb26129b7407b05aa493af63725\"},\"headline\":\"Dia da Favela: saiba por que celebrar essa data\",\"datePublished\":\"2024-11-06T14:18:42+00:00\",\"dateModified\":\"2024-11-06T16:18:04+00:00\",\"mainEntityOfPage\":{\"@id\":\"https:\\\/\\\/globalattitude.org.br\\\/dia-da-favela-saiba-por-que-celebrar-essa-data\\\/\"},\"wordCount\":196,\"commentCount\":0,\"publisher\":{\"@id\":\"https:\\\/\\\/globalattitude.org.br\\\/en\\\/#organization\"},\"keywords\":[\"Dia da Favela: saiba por que celebrar essa data\"],\"articleSection\":[\"Not\u00edcias\"],\"inLanguage\":\"en-US\",\"potentialAction\":[{\"@type\":\"CommentAction\",\"name\":\"Comment\",\"target\":[\"https:\\\/\\\/globalattitude.org.br\\\/dia-da-favela-saiba-por-que-celebrar-essa-data\\\/#respond\"]}]},{\"@type\":\"WebPage\",\"@id\":\"https:\\\/\\\/globalattitude.org.br\\\/dia-da-favela-saiba-por-que-celebrar-essa-data\\\/\",\"url\":\"https:\\\/\\\/globalattitude.org.br\\\/dia-da-favela-saiba-por-que-celebrar-essa-data\\\/\",\"name\":\"Dia da Favela: saiba por que celebrar essa data - Instituto Global Attitude\",\"isPartOf\":{\"@id\":\"https:\\\/\\\/globalattitude.org.br\\\/en\\\/#website\"},\"datePublished\":\"2024-11-06T14:18:42+00:00\",\"dateModified\":\"2024-11-06T16:18:04+00:00\",\"breadcrumb\":{\"@id\":\"https:\\\/\\\/globalattitude.org.br\\\/dia-da-favela-saiba-por-que-celebrar-essa-data\\\/#breadcrumb\"},\"inLanguage\":\"en-US\",\"potentialAction\":[{\"@type\":\"ReadAction\",\"target\":[\"https:\\\/\\\/globalattitude.org.br\\\/dia-da-favela-saiba-por-que-celebrar-essa-data\\\/\"]}]},{\"@type\":\"BreadcrumbList\",\"@id\":\"https:\\\/\\\/globalattitude.org.br\\\/dia-da-favela-saiba-por-que-celebrar-essa-data\\\/#breadcrumb\",\"itemListElement\":[{\"@type\":\"ListItem\",\"position\":1,\"name\":\"In\u00edcio\",\"item\":\"https:\\\/\\\/globalattitude.org.br\\\/en\\\/\"},{\"@type\":\"ListItem\",\"position\":2,\"name\":\"Dia da Favela: saiba por que celebrar essa data\"}]},{\"@type\":\"WebSite\",\"@id\":\"https:\\\/\\\/globalattitude.org.br\\\/en\\\/#website\",\"url\":\"https:\\\/\\\/globalattitude.org.br\\\/en\\\/\",\"name\":\"Instituto Global Attitude\",\"description\":\"\",\"publisher\":{\"@id\":\"https:\\\/\\\/globalattitude.org.br\\\/en\\\/#organization\"},\"potentialAction\":[{\"@type\":\"SearchAction\",\"target\":{\"@type\":\"EntryPoint\",\"urlTemplate\":\"https:\\\/\\\/globalattitude.org.br\\\/en\\\/?s={search_term_string}\"},\"query-input\":{\"@type\":\"PropertyValueSpecification\",\"valueRequired\":true,\"valueName\":\"search_term_string\"}}],\"inLanguage\":\"en-US\"},{\"@type\":\"Organization\",\"@id\":\"https:\\\/\\\/globalattitude.org.br\\\/en\\\/#organization\",\"name\":\"Instituto Global Attitude\",\"url\":\"https:\\\/\\\/globalattitude.org.br\\\/en\\\/\",\"logo\":{\"@type\":\"ImageObject\",\"inLanguage\":\"en-US\",\"@id\":\"https:\\\/\\\/globalattitude.org.br\\\/en\\\/#\\\/schema\\\/logo\\\/image\\\/\",\"url\":\"https:\\\/\\\/globalattitude.org.br\\\/wp-content\\\/uploads\\\/2023\\\/01\\\/instituto-global-attitude-color.png\",\"contentUrl\":\"https:\\\/\\\/globalattitude.org.br\\\/wp-content\\\/uploads\\\/2023\\\/01\\\/instituto-global-attitude-color.png\",\"width\":300,\"height\":131,\"caption\":\"Instituto Global Attitude\"},\"image\":{\"@id\":\"https:\\\/\\\/globalattitude.org.br\\\/en\\\/#\\\/schema\\\/logo\\\/image\\\/\"},\"sameAs\":[\"https:\\\/\\\/www.facebook.com\\\/global.attitude.org\\\/\",\"https:\\\/\\\/x.com\\\/global_attitude\",\"https:\\\/\\\/www.instagram.com\\\/globalattitude\",\"https:\\\/\\\/www.linkedin.com\\\/company\\\/global-attitude\\\/?viewAsMember=true\"]},{\"@type\":\"Person\",\"@id\":\"https:\\\/\\\/globalattitude.org.br\\\/en\\\/#\\\/schema\\\/person\\\/d2d0edb26129b7407b05aa493af63725\",\"name\":\"comunicacao\",\"image\":{\"@type\":\"ImageObject\",\"inLanguage\":\"en-US\",\"@id\":\"https:\\\/\\\/secure.gravatar.com\\\/avatar\\\/a25dbef6d352d1355e632d9629c19165ddb3e176cbcb21ee573e3d96d011d16b?s=96&d=mm&r=g\",\"url\":\"https:\\\/\\\/secure.gravatar.com\\\/avatar\\\/a25dbef6d352d1355e632d9629c19165ddb3e176cbcb21ee573e3d96d011d16b?s=96&d=mm&r=g\",\"contentUrl\":\"https:\\\/\\\/secure.gravatar.com\\\/avatar\\\/a25dbef6d352d1355e632d9629c19165ddb3e176cbcb21ee573e3d96d011d16b?s=96&d=mm&r=g\",\"caption\":\"comunicacao\"},\"url\":\"https:\\\/\\\/globalattitude.org.br\\\/en\\\/author\\\/comunicacao\\\/\"}]}<\/script>\n<!-- \/ Yoast SEO plugin. -->","yoast_head_json":{"title":"Dia da Favela: saiba por que celebrar essa data - Instituto Global Attitude","robots":{"index":"index","follow":"follow","max-snippet":"max-snippet:-1","max-image-preview":"max-image-preview:large","max-video-preview":"max-video-preview:-1"},"canonical":"https:\/\/globalattitude.org.br\/dia-da-favela-saiba-por-que-celebrar-essa-data\/","og_locale":"en_US","og_type":"article","og_title":"Dia da Favela: saiba por que celebrar essa data - Instituto Global Attitude","og_description":"Data reflete sobre a\u00e7\u00f5es em prol das comunidades. Por Braiam Resende, IGA SP \u2014 S\u00e3o Paulo 07\/11\/2024 09h30 Atualizado h\u00e1 12 minutos O\u202fDia da Favela\u202f\u00e9 celebrado anualmente no dia 4 de novembro.\u202fA data foi escolhida porque, em 1900, o termo \u201cfavela\u201d apareceu pela primeira vez em um documento oficial, referindo-se ao Morro da Provid\u00eancia, no [&hellip;]","og_url":"https:\/\/globalattitude.org.br\/dia-da-favela-saiba-por-que-celebrar-essa-data\/","og_site_name":"Instituto Global Attitude","article_publisher":"https:\/\/www.facebook.com\/global.attitude.org\/","article_published_time":"2024-11-06T14:18:42+00:00","article_modified_time":"2024-11-06T16:18:04+00:00","author":"comunicacao","twitter_card":"summary_large_image","twitter_creator":"@global_attitude","twitter_site":"@global_attitude","twitter_misc":{"Written by":"comunicacao","Est. reading time":"2 minutes"},"schema":{"@context":"https:\/\/schema.org","@graph":[{"@type":["Article","BlogPosting"],"@id":"https:\/\/globalattitude.org.br\/dia-da-favela-saiba-por-que-celebrar-essa-data\/#article","isPartOf":{"@id":"https:\/\/globalattitude.org.br\/dia-da-favela-saiba-por-que-celebrar-essa-data\/"},"author":{"name":"comunicacao","@id":"https:\/\/globalattitude.org.br\/en\/#\/schema\/person\/d2d0edb26129b7407b05aa493af63725"},"headline":"Dia da Favela: saiba por que celebrar essa data","datePublished":"2024-11-06T14:18:42+00:00","dateModified":"2024-11-06T16:18:04+00:00","mainEntityOfPage":{"@id":"https:\/\/globalattitude.org.br\/dia-da-favela-saiba-por-que-celebrar-essa-data\/"},"wordCount":196,"commentCount":0,"publisher":{"@id":"https:\/\/globalattitude.org.br\/en\/#organization"},"keywords":["Dia da Favela: saiba por que celebrar essa data"],"articleSection":["Not\u00edcias"],"inLanguage":"en-US","potentialAction":[{"@type":"CommentAction","name":"Comment","target":["https:\/\/globalattitude.org.br\/dia-da-favela-saiba-por-que-celebrar-essa-data\/#respond"]}]},{"@type":"WebPage","@id":"https:\/\/globalattitude.org.br\/dia-da-favela-saiba-por-que-celebrar-essa-data\/","url":"https:\/\/globalattitude.org.br\/dia-da-favela-saiba-por-que-celebrar-essa-data\/","name":"Dia da Favela: saiba por que celebrar essa data - Instituto Global Attitude","isPartOf":{"@id":"https:\/\/globalattitude.org.br\/en\/#website"},"datePublished":"2024-11-06T14:18:42+00:00","dateModified":"2024-11-06T16:18:04+00:00","breadcrumb":{"@id":"https:\/\/globalattitude.org.br\/dia-da-favela-saiba-por-que-celebrar-essa-data\/#breadcrumb"},"inLanguage":"en-US","potentialAction":[{"@type":"ReadAction","target":["https:\/\/globalattitude.org.br\/dia-da-favela-saiba-por-que-celebrar-essa-data\/"]}]},{"@type":"BreadcrumbList","@id":"https:\/\/globalattitude.org.br\/dia-da-favela-saiba-por-que-celebrar-essa-data\/#breadcrumb","itemListElement":[{"@type":"ListItem","position":1,"name":"In\u00edcio","item":"https:\/\/globalattitude.org.br\/en\/"},{"@type":"ListItem","position":2,"name":"Dia da Favela: saiba por que celebrar essa data"}]},{"@type":"WebSite","@id":"https:\/\/globalattitude.org.br\/en\/#website","url":"https:\/\/globalattitude.org.br\/en\/","name":"Instituto Global Attitude","description":"","publisher":{"@id":"https:\/\/globalattitude.org.br\/en\/#organization"},"potentialAction":[{"@type":"SearchAction","target":{"@type":"EntryPoint","urlTemplate":"https:\/\/globalattitude.org.br\/en\/?s={search_term_string}"},"query-input":{"@type":"PropertyValueSpecification","valueRequired":true,"valueName":"search_term_string"}}],"inLanguage":"en-US"},{"@type":"Organization","@id":"https:\/\/globalattitude.org.br\/en\/#organization","name":"Instituto Global Attitude","url":"https:\/\/globalattitude.org.br\/en\/","logo":{"@type":"ImageObject","inLanguage":"en-US","@id":"https:\/\/globalattitude.org.br\/en\/#\/schema\/logo\/image\/","url":"https:\/\/globalattitude.org.br\/wp-content\/uploads\/2023\/01\/instituto-global-attitude-color.png","contentUrl":"https:\/\/globalattitude.org.br\/wp-content\/uploads\/2023\/01\/instituto-global-attitude-color.png","width":300,"height":131,"caption":"Instituto Global Attitude"},"image":{"@id":"https:\/\/globalattitude.org.br\/en\/#\/schema\/logo\/image\/"},"sameAs":["https:\/\/www.facebook.com\/global.attitude.org\/","https:\/\/x.com\/global_attitude","https:\/\/www.instagram.com\/globalattitude","https:\/\/www.linkedin.com\/company\/global-attitude\/?viewAsMember=true"]},{"@type":"Person","@id":"https:\/\/globalattitude.org.br\/en\/#\/schema\/person\/d2d0edb26129b7407b05aa493af63725","name":"comunicacao","image":{"@type":"ImageObject","inLanguage":"en-US","@id":"https:\/\/secure.gravatar.com\/avatar\/a25dbef6d352d1355e632d9629c19165ddb3e176cbcb21ee573e3d96d011d16b?s=96&d=mm&r=g","url":"https:\/\/secure.gravatar.com\/avatar\/a25dbef6d352d1355e632d9629c19165ddb3e176cbcb21ee573e3d96d011d16b?s=96&d=mm&r=g","contentUrl":"https:\/\/secure.gravatar.com\/avatar\/a25dbef6d352d1355e632d9629c19165ddb3e176cbcb21ee573e3d96d011d16b?s=96&d=mm&r=g","caption":"comunicacao"},"url":"https:\/\/globalattitude.org.br\/en\/author\/comunicacao\/"}]}},"_links":{"self":[{"href":"https:\/\/globalattitude.org.br\/en\/wp-json\/wp\/v2\/posts\/9953","targetHints":{"allow":["GET"]}}],"collection":[{"href":"https:\/\/globalattitude.org.br\/en\/wp-json\/wp\/v2\/posts"}],"about":[{"href":"https:\/\/globalattitude.org.br\/en\/wp-json\/wp\/v2\/types\/post"}],"author":[{"embeddable":true,"href":"https:\/\/globalattitude.org.br\/en\/wp-json\/wp\/v2\/users\/4"}],"replies":[{"embeddable":true,"href":"https:\/\/globalattitude.org.br\/en\/wp-json\/wp\/v2\/comments?post=9953"}],"version-history":[{"count":1,"href":"https:\/\/globalattitude.org.br\/en\/wp-json\/wp\/v2\/posts\/9953\/revisions"}],"predecessor-version":[{"id":9956,"href":"https:\/\/globalattitude.org.br\/en\/wp-json\/wp\/v2\/posts\/9953\/revisions\/9956"}],"wp:attachment":[{"href":"https:\/\/globalattitude.org.br\/en\/wp-json\/wp\/v2\/media?parent=9953"}],"wp:term":[{"taxonomy":"category","embeddable":true,"href":"https:\/\/globalattitude.org.br\/en\/wp-json\/wp\/v2\/categories?post=9953"},{"taxonomy":"post_tag","embeddable":true,"href":"https:\/\/globalattitude.org.br\/en\/wp-json\/wp\/v2\/tags?post=9953"}],"curies":[{"name":"wp","href":"https:\/\/api.w.org\/{rel}","templated":true}]}}